{"id":958,"date":"2019-10-08T11:50:28","date_gmt":"2019-10-08T09:50:28","guid":{"rendered":"https:\/\/www.christiani.de\/cms\/?p=958"},"modified":"2024-02-16T14:47:58","modified_gmt":"2024-02-16T13:47:58","slug":"christiani-ausbildertag-zum-20-mal-erfolgreich","status":"publish","type":"post","link":"https:\/\/www.christiani.de\/cms\/christiani-ausbildertag-zum-20-mal-erfolgreich\/","title":{"rendered":"Christiani Ausbildertag zum 20. Mal erfolgreich"},"content":{"rendered":"<p><div class=\"fusion-fullwidth fullwidth-box fusion-builder-row-1 fusion-flex-container has-pattern-background has-mask-background gradient-container-1 nonhundred-percent-fullwidth non-hundred-percent-height-scrolling\" style=\"--awb-border-radius-top-left:0px;--awb-border-radius-top-right:0px;--awb-border-radius-bottom-right:0px;--awb-border-radius-bottom-left:0px;--awb-flex-wrap:wrap;\" ><div class=\"fusion-builder-row fusion-row fusion-flex-align-items-flex-start fusion-flex-content-wrap\" style=\"max-width:1263.6px;margin-left: calc(-4% \/ 2 );margin-right: calc(-4% \/ 2 );\"><div class=\"fusion-layout-column fusion_builder_column fusion-builder-column-0 fusion_builder_column_1_1 1_1 fusion-flex-column\" style=\"--awb-bg-size:cover;--awb-width-large:100%;--awb-margin-top-large:0px;--awb-spacing-right-large:1.92%;--awb-margin-bottom-large:20px;--awb-spacing-left-large:1.92%;--awb-width-medium:100%;--awb-order-medium:0;--awb-spacing-right-medium:1.92%;--awb-spacing-left-medium:1.92%;--awb-width-small:100%;--awb-order-small:0;--awb-spacing-right-small:1.92%;--awb-spacing-left-small:1.92%;\"><div class=\"fusion-column-wrapper fusion-column-has-shadow fusion-flex-justify-content-flex-start fusion-content-layout-column\"><div class=\"fusion-title title fusion-title-1 fusion-sep-none fusion-title-text fusion-title-size-one\"><h1 class=\"fusion-title-heading title-heading-left\" style=\"margin:0;text-transform:none;\"><strong>Christiani Ausbildertag zum 20. Mal erfolgreich<\/strong><\/h1><\/div><div class=\"fusion-separator\" style=\"align-self: flex-start;margin-right:auto;margin-bottom:25px;width:100%;max-width:120px;\"><div class=\"fusion-separator-border sep-single sep-solid\" style=\"--awb-height:20px;--awb-amount:20px;--awb-sep-color:#e20018;border-color:#e20018;border-top-width:2px;\"><\/div><\/div><\/div><\/div><\/div><\/div><div class=\"fusion-fullwidth fullwidth-box fusion-builder-row-2 fusion-flex-container gradient-container-2 nonhundred-percent-fullwidth non-hundred-percent-height-scrolling\" style=\"--awb-border-radius-top-left:0px;--awb-border-radius-top-right:0px;--awb-border-radius-bottom-right:0px;--awb-border-radius-bottom-left:0px;--awb-flex-wrap:wrap;\" ><div class=\"fusion-builder-row fusion-row fusion-flex-align-items-flex-start fusion-flex-content-wrap\" style=\"max-width:1263.6px;margin-left: calc(-4% \/ 2 );margin-right: calc(-4% \/ 2 );\"><div class=\"fusion-layout-column fusion_builder_column fusion-builder-column-1 fusion_builder_column_1_1 1_1 fusion-flex-column\" style=\"--awb-bg-size:cover;--awb-width-large:100%;--awb-margin-top-large:0px;--awb-spacing-right-large:1.92%;--awb-margin-bottom-large:0px;--awb-spacing-left-large:1.92%;--awb-width-medium:100%;--awb-spacing-right-medium:1.92%;--awb-spacing-left-medium:1.92%;--awb-width-small:100%;--awb-spacing-right-small:1.92%;--awb-spacing-left-small:1.92%;\"><div class=\"fusion-column-wrapper fusion-flex-justify-content-flex-start fusion-content-layout-column\"><div class=\"fusion-text fusion-text-1\"><p><strong>450 Teilnehmer\/-innen aus der beruflichen Aus- und Weiterbildung kamen am 26. und 27. September zum diesj\u00e4hrigen Christiani Ausbildertag in der Berufsakademie Singen zusammen. Das erfolgreiche Format veranstaltete Christiani zusammen mit dem BIBB bereits zum 20. Mal. In diesem Jahr standen die Themen Digitalisierung und Augmented Reality und Virtual Reality (AR\/VR) in der Ausbildung im Vordergrund. In zw\u00f6lf Foren konnten sich die Teilnehmer\/-innen zu verschiedenen Themen informieren, miteinander diskutieren und sich untereinander austauschen.<\/strong><\/p>\n<h3><strong>Von Elektromobilit\u00e4t bis CNC-Technik<\/strong><\/h3>\n<p>Die Themenpalette des diesj\u00e4hrigen Ausbildertages reichte von der Hochvolttechnik in Fahrzeugen \u00fcber die Erfahrungen mit der digitalen Zusatzqualifikation bis zu konkreten virtuellen Anwendungen. So konnten die Teilnehmer\/-innen in einem Forum zur CNC-Technik nicht nur den virtuellen Zwilling einer CNC-Anlage mit Siemens-Steuerung testen, sondern auch mit Hilfe der VR-Brille Oculus Quest virtuell eine CNC-Maschine bedienen. Sowohl der virtuelle Zwilling als auch die VR-Anwendung sind L\u00f6sungsans\u00e4tze um zu zeigen, welche M\u00f6glichkeiten die virtuelle Realit\u00e4t f\u00fcr die CNC-Ausbildung bietet.<\/p>\n<h3><strong>Augmented und Virtual Reality in der Ausbildung<\/strong><\/h3>\n<p>In einem weiteren Forum konnten sich die Teilnehmer\/-innen davon \u00fcberzeugen, welche M\u00f6glichkeiten die Augmented Reality f\u00fcr die Vermittlung von Lerninhalten bietet. So lassen sich \u00fcber Marker reale Gegenst\u00e4nde, z.B. Baugruppen als dreidimensionale Objekte darstellen und mit zus\u00e4tzlichen Informationen anreichern \u2013 zum Beispiel mit Videos, Explosionszeichnungen und anderen Informationen. Erste L\u00f6sungen f\u00fcr das Anreichern von Informationen durch virtuelle Inhalte in einem klassischen Tabellenbuch wurden den Teilnehmern erstmals pr\u00e4sentiert. Mit dem Tablet lassen sich Bilder im Fachbuch einscannen und so weitere Informationen zur Veranschaulichung abrufen \u2013 zum Beispiel eine animierte 3D-Ansicht des Objekts, weiterf\u00fchrende Lerninhalte, Videos, Bilder, Tabellen und vieles mehr.<\/p>\n<h3><strong>Digitale Transformation &#8211; Herausforderungen f\u00fcr die Aus- und Weiterbildung <\/strong><\/h3>\n<p>Im Vortrag und in der abschlie\u00dfenden Podiumsdiskussion ging es um die Frage, wie die digitale Transformation die berufliche Bildung ver\u00e4ndert. J\u00f6rg Heynkes, Unternehmer und Berater in den Bereichen Innovation, Energie und Mobilit\u00e4t, zeigte in seinem spannenden Vortrag konkrete Beispiele zu digitalen Innovationen auf, die heute schon Wirklichkeit sind. Vom selbstfahrenden Auto \u00fcber den digitalen Simultan\u00fcbersetzer bis zum saltospringenden humanoiden Roboter.<\/p>\n<p>Unter der Moderation von Markus Brunnbauer (IHK Bodensee Oberschwaben) diskutierten anschlie\u00dfend Professor Dr. Heister (BIBB), Thomas Schnell (Carl Zeiss AG) und Dieter Omert (AUDI AG) mit dem Keynote-Speaker J\u00f6rg Heynkes. Einhelliger Tenor: technisch sei die Digitalisierung zu meistern. Vorrangig solle es darum gehen, die ben\u00f6tigte Medienkompetenz und Freude am Lernen zu vermitteln. Bei aller Digitalisierung d\u00fcrfe man die sozialen Kontakte nicht vernachl\u00e4ssigen, schlie\u00dflich sind es nicht Maschinen, die lernen, sondern Menschen.<\/p>\n<\/div><\/div><\/div><\/div><\/div><div class=\"fusion-fullwidth fullwidth-box fusion-builder-row-3 fusion-flex-container has-pattern-background has-mask-background gradient-container-3 nonhundred-percent-fullwidth non-hundred-percent-height-scrolling\" style=\"--awb-border-radius-top-left:0px;--awb-border-radius-top-right:0px;--awb-border-radius-bottom-right:0px;--awb-border-radius-bottom-left:0px;--awb-margin-top:30px;--awb-flex-wrap:wrap;\" ><div class=\"fusion-builder-row fusion-row fusion-flex-align-items-flex-start fusion-flex-content-wrap\" style=\"max-width:1263.6px;margin-left: calc(-4% \/ 2 );margin-right: calc(-4% \/ 2 );\"><div class=\"fusion-layout-column fusion_builder_column fusion-builder-column-2 fusion_builder_column_1_1 1_1 fusion-flex-column\" style=\"--awb-bg-size:cover;--awb-width-large:100%;--awb-margin-top-large:0px;--awb-spacing-right-large:1.92%;--awb-margin-bottom-large:20px;--awb-spacing-left-large:1.92%;--awb-width-medium:100%;--awb-order-medium:0;--awb-spacing-right-medium:1.92%;--awb-spacing-left-medium:1.92%;--awb-width-small:100%;--awb-order-small:0;--awb-spacing-right-small:1.92%;--awb-spacing-left-small:1.92%;\"><div class=\"fusion-column-wrapper fusion-column-has-shadow fusion-flex-justify-content-flex-start fusion-content-layout-column\"><div class=\"fusion-separator fusion-full-width-sep\" style=\"align-self: center;margin-left: auto;margin-right: auto;margin-bottom:20px;width:100%;max-width:100%;\"><div class=\"fusion-separator-border sep-single sep-solid\" style=\"--awb-height:20px;--awb-amount:20px;--awb-sep-color:#676767;border-color:#676767;border-top-width:1px;\"><\/div><\/div><div class=\"fusion-title title fusion-title-2 fusion-sep-none fusion-title-text fusion-title-size-two\" style=\"--awb-margin-bottom:50px;--awb-font-size:32px;\"><h2 class=\"fusion-title-heading title-heading-left\" style=\"margin:0;font-size:1em;text-transform:none;\"><strong>\u00c4hnliche Beitr\u00e4ge<\/strong><\/h2><\/div><div class=\"fusion-blog-shortcode fusion-blog-shortcode-1 fusion-blog-archive fusion-blog-layout-grid-wrapper fusion-blog-no fusion-blog-no-images\" style=\"--awb-title-line-height:normal;\"><style type=\"text\/css\">.fusion-blog-shortcode-1 .fusion-blog-layout-grid .fusion-post-grid{padding:20px;}.fusion-blog-shortcode-1 .fusion-posts-container{margin-left: -20px !important; margin-right:-20px !important;}<\/style><div class=\"fusion-posts-container fusion-posts-container-no fusion-no-meta-info fusion-blog-layout-grid fusion-blog-layout-grid-3 isotope fusion-blog-equal-heights\" data-pages=\"51\" data-grid-col-space=\"40\" style=\"margin: -20px -20px 0;min-height:500px;\"><article id=\"blog-1-post-41904\" class=\"fusion-post-grid post-41904 post type-post status-publish format-standard has-post-thumbnail hentry category-allgemein\">\n<div class=\"fusion-post-wrapper\" style=\"background-color:rgba(255,255,255,0);border:none;\"><div class=\"fusion-post-content-wrapper\" style=\"padding:0 0 0 0;\"><div class=\"fusion-post-content post-content\"><h3 class=\"blog-shortcode-post-title entry-title\"><a href=\"https:\/\/www.christiani.de\/cms\/didacta_2026\/\">Christiani auf der didacta 2026<\/a><\/h3><div class=\"fusion-post-content-container\"><p> Highlights von Christiani auf der didacta 2026       Sehen wir uns in K\u00f6ln? In diesem Jahr pr\u00e4sentieren wir auf der didacta einige echte Hi<a href=\"https:\/\/www.christiani.de\/cms\/didacta_2026\/\"><span class=\"c-676767\"> [...]<\/span><\/a><\/p><p class=\"arrow-links\"><a href=\"https:\/\/www.christiani.de\/cms\/didacta_2026\/\"><span>Mehr lesen \u00a0<\/span><\/a><\/p><\/div><\/div><\/div><div class=\"fusion-clearfix\"><\/div><\/div>\n<\/article>\n<article id=\"blog-1-post-41963\" class=\"fusion-post-grid post-41963 post type-post status-publish format-standard has-post-thumbnail hentry category-allgemein\">\n<div class=\"fusion-post-wrapper\" style=\"background-color:rgba(255,255,255,0);border:none;\"><div class=\"fusion-post-content-wrapper\" style=\"padding:0 0 0 0;\"><div class=\"fusion-post-content post-content\"><h3 class=\"blog-shortcode-post-title entry-title\"><a href=\"https:\/\/www.christiani.de\/cms\/spannendes-von-christiani-fuer-den-mint-unterricht\/\">Spannendes von Christiani f\u00fcr den MINT-Unterricht<\/a><\/h3><div class=\"fusion-post-content-container\"><p> Spannendes von Christiani f\u00fcr den MINT-Unterricht   Lehrerinnen und Lehrer d\u00fcrfen sich in diesem Jahr besonders auf die didacta freuen.\u00a0Bei<a href=\"https:\/\/www.christiani.de\/cms\/spannendes-von-christiani-fuer-den-mint-unterricht\/\"><span class=\"c-676767\"> [...]<\/span><\/a><\/p><p class=\"arrow-links\"><a href=\"https:\/\/www.christiani.de\/cms\/spannendes-von-christiani-fuer-den-mint-unterricht\/\"><span>Mehr lesen \u00a0<\/span><\/a><\/p><\/div><\/div><\/div><div class=\"fusion-clearfix\"><\/div><\/div>\n<\/article>\n<article id=\"blog-1-post-41251\" class=\"fusion-post-grid post-41251 post type-post status-publish format-standard has-post-thumbnail hentry category-allgemein\">\n<div class=\"fusion-post-wrapper\" style=\"background-color:rgba(255,255,255,0);border:none;\"><div class=\"fusion-post-content-wrapper\" style=\"padding:0 0 0 0;\"><div class=\"fusion-post-content post-content\"><h3 class=\"blog-shortcode-post-title entry-title\"><a href=\"https:\/\/www.christiani.de\/cms\/bildungsaward-2025-26\/\">Bildungsaward 2025\/26<\/a><\/h3><div class=\"fusion-post-content-container\"><p> Ausgezeichnet! Christiani erh\u00e4lt den Deutschen Bildungs-Award 2025\/26       Das Christiani Lernportal C-LEARNING hat erst k\u00fcrzlich seinen d<a href=\"https:\/\/www.christiani.de\/cms\/bildungsaward-2025-26\/\"><span class=\"c-676767\"> [...]<\/span><\/a><\/p><p class=\"arrow-links\"><a href=\"https:\/\/www.christiani.de\/cms\/bildungsaward-2025-26\/\"><span>Mehr lesen \u00a0<\/span><\/a><\/p><\/div><\/div><\/div><div class=\"fusion-clearfix\"><\/div><\/div>\n<\/article>\n<div class=\"fusion-clearfix\"><\/div><\/div><\/div><\/div><\/div><\/div><\/div><\/p>\n","protected":false},"excerpt":{"rendered":"","protected":false},"author":2,"featured_media":960,"comment_status":"open","ping_status":"open","sticky":false,"template":"","format":"standard","meta":{"footnotes":""},"categories":[1,81],"tags":[],"class_list":["post-958","post","type-post","status-publish","format-standard","has-post-thumbnail","hentry","category-allgemein","category-newsfeed-weiterbildung-1"],"yoast_head":"<!-- This site is optimized with the Yoast SEO plugin v23.4 - https:\/\/yoast.com\/wordpress\/plugins\/seo\/ -->\n<title>Christiani Ausbildertag zum 20. Mal erfolgreich - Lehr- und Pr\u00fcfungsmaterial f\u00fcr Schule &amp; Ausbildung | Christiani.de<\/title>\n<meta name=\"description\" content=\"Beim diesj\u00e4hrigen Christiani Ausbildertag in der Berufsakademie Singen standen die Themen Digitalisierung und Augmented Reality und Virtual Reality (AR\/VR) in der Ausbildung im Vordergrund. In zw\u00f6lf Foren konnten sich die Teilnehmer\/-innen zu verschiedenen Themen informieren, miteinander diskutieren und sich untereinander austauschen.\" \/>\n<meta name=\"robots\" content=\"index, follow, max-snippet:-1, max-image-preview:large, max-video-preview:-1\" \/>\n<link rel=\"canonical\" href=\"https:\/\/www.christiani.de\/cms\/christiani-ausbildertag-zum-20-mal-erfolgreich\/\" \/>\n<meta property=\"og:locale\" content=\"de_DE\" \/>\n<meta property=\"og:type\" content=\"article\" \/>\n<meta property=\"og:title\" content=\"Christiani Ausbildertag zum 20. Mal erfolgreich - Lehr- und Pr\u00fcfungsmaterial f\u00fcr Schule &amp; Ausbildung | Christiani.de\" \/>\n<meta property=\"og:description\" content=\"Beim diesj\u00e4hrigen Christiani Ausbildertag in der Berufsakademie Singen standen die Themen Digitalisierung und Augmented Reality und Virtual Reality (AR\/VR) in der Ausbildung im Vordergrund. In zw\u00f6lf Foren konnten sich die Teilnehmer\/-innen zu verschiedenen Themen informieren, miteinander diskutieren und sich untereinander austauschen.\" \/>\n<meta property=\"og:url\" content=\"https:\/\/www.christiani.de\/cms\/christiani-ausbildertag-zum-20-mal-erfolgreich\/\" \/>\n<meta property=\"og:site_name\" content=\"Lehr- und Pr\u00fcfungsmaterial f\u00fcr Schule &amp; Ausbildung | Christiani.de\" \/>\n<meta property=\"article:published_time\" content=\"2019-10-08T09:50:28+00:00\" \/>\n<meta property=\"article:modified_time\" content=\"2024-02-16T13:47:58+00:00\" \/>\n<meta property=\"og:image\" content=\"https:\/\/www.christiani.de\/cms\/wp-content\/uploads\/2019\/10\/2048-107_edited-1.jpg\" \/>\n\t<meta property=\"og:image:width\" content=\"2048\" \/>\n\t<meta property=\"og:image:height\" content=\"1366\" \/>\n\t<meta property=\"og:image:type\" content=\"image\/jpeg\" \/>\n<meta name=\"author\" content=\"Volker Fietz\" \/>\n<meta name=\"twitter:card\" content=\"summary_large_image\" \/>\n<meta name=\"twitter:label1\" content=\"Verfasst von\" \/>\n\t<meta name=\"twitter:data1\" content=\"Volker Fietz\" \/>\n\t<meta name=\"twitter:label2\" content=\"Gesch\u00e4tzte Lesezeit\" \/>\n\t<meta name=\"twitter:data2\" content=\"3 Minuten\" \/>\n<script type=\"application\/ld+json\" class=\"yoast-schema-graph\">{\"@context\":\"https:\/\/schema.org\",\"@graph\":[{\"@type\":\"WebPage\",\"@id\":\"https:\/\/www.christiani.de\/cms\/christiani-ausbildertag-zum-20-mal-erfolgreich\/\",\"url\":\"https:\/\/www.christiani.de\/cms\/christiani-ausbildertag-zum-20-mal-erfolgreich\/\",\"name\":\"Christiani Ausbildertag zum 20. Mal erfolgreich - Lehr- und Pr\u00fcfungsmaterial f\u00fcr Schule &amp; Ausbildung | Christiani.de\",\"isPartOf\":{\"@id\":\"https:\/\/www.christiani.de\/cms\/#website\"},\"primaryImageOfPage\":{\"@id\":\"https:\/\/www.christiani.de\/cms\/christiani-ausbildertag-zum-20-mal-erfolgreich\/#primaryimage\"},\"image\":{\"@id\":\"https:\/\/www.christiani.de\/cms\/christiani-ausbildertag-zum-20-mal-erfolgreich\/#primaryimage\"},\"thumbnailUrl\":\"https:\/\/www.christiani.de\/cms\/wp-content\/uploads\/2019\/10\/2048-107_edited-1.jpg\",\"datePublished\":\"2019-10-08T09:50:28+00:00\",\"dateModified\":\"2024-02-16T13:47:58+00:00\",\"author\":{\"@id\":\"https:\/\/www.christiani.de\/cms\/#\/schema\/person\/5f36f61a17072c4292963fd793187a84\"},\"description\":\"Beim diesj\u00e4hrigen Christiani Ausbildertag in der Berufsakademie Singen standen die Themen Digitalisierung und Augmented Reality und Virtual Reality (AR\/VR) in der Ausbildung im Vordergrund. In zw\u00f6lf Foren konnten sich die Teilnehmer\/-innen zu verschiedenen Themen informieren, miteinander diskutieren und sich untereinander austauschen.\",\"breadcrumb\":{\"@id\":\"https:\/\/www.christiani.de\/cms\/christiani-ausbildertag-zum-20-mal-erfolgreich\/#breadcrumb\"},\"inLanguage\":\"de-DE\",\"potentialAction\":[{\"@type\":\"ReadAction\",\"target\":[\"https:\/\/www.christiani.de\/cms\/christiani-ausbildertag-zum-20-mal-erfolgreich\/\"]}]},{\"@type\":\"ImageObject\",\"inLanguage\":\"de-DE\",\"@id\":\"https:\/\/www.christiani.de\/cms\/christiani-ausbildertag-zum-20-mal-erfolgreich\/#primaryimage\",\"url\":\"https:\/\/www.christiani.de\/cms\/wp-content\/uploads\/2019\/10\/2048-107_edited-1.jpg\",\"contentUrl\":\"https:\/\/www.christiani.de\/cms\/wp-content\/uploads\/2019\/10\/2048-107_edited-1.jpg\",\"width\":2048,\"height\":1366,\"caption\":\"Christiani Ausbildertag 2019\"},{\"@type\":\"BreadcrumbList\",\"@id\":\"https:\/\/www.christiani.de\/cms\/christiani-ausbildertag-zum-20-mal-erfolgreich\/#breadcrumb\",\"itemListElement\":[{\"@type\":\"ListItem\",\"position\":1,\"name\":\"christiani.de\",\"item\":\"https:\/\/www.christiani.de\"},{\"@type\":\"ListItem\",\"position\":2,\"name\":\"Bildungsaward 2025\/26\"}]},{\"@type\":\"WebSite\",\"@id\":\"https:\/\/www.christiani.de\/cms\/#website\",\"url\":\"https:\/\/www.christiani.de\/cms\/\",\"name\":\"Lehr- und Pr\u00fcfungsmaterial f\u00fcr Schule &amp; Ausbildung | Christiani.de\",\"description\":\"Christiani.de\",\"potentialAction\":[{\"@type\":\"SearchAction\",\"target\":{\"@type\":\"EntryPoint\",\"urlTemplate\":\"https:\/\/www.christiani.de\/cms\/?s={search_term_string}\"},\"query-input\":{\"@type\":\"PropertyValueSpecification\",\"valueRequired\":true,\"valueName\":\"search_term_string\"}}],\"inLanguage\":\"de-DE\"},{\"@type\":\"Person\",\"@id\":\"https:\/\/www.christiani.de\/cms\/#\/schema\/person\/5f36f61a17072c4292963fd793187a84\",\"name\":\"Volker Fietz\",\"image\":{\"@type\":\"ImageObject\",\"inLanguage\":\"de-DE\",\"@id\":\"https:\/\/www.christiani.de\/cms\/#\/schema\/person\/image\/\",\"url\":\"https:\/\/secure.gravatar.com\/avatar\/745be4b4c69945c6f8ae2330e62f26fa?s=96&d=mm&r=g\",\"contentUrl\":\"https:\/\/secure.gravatar.com\/avatar\/745be4b4c69945c6f8ae2330e62f26fa?s=96&d=mm&r=g\",\"caption\":\"Volker Fietz\"},\"description\":\"Volker Fietz macht Presse- und \u00d6ffentlichkeitsarbeit bei Dr.-Ing Paul Christiani GmbH &amp; Co. KG\"}]}<\/script>\n<!-- \/ Yoast SEO plugin. -->","yoast_head_json":{"title":"Christiani Ausbildertag zum 20. Mal erfolgreich - Lehr- und Pr\u00fcfungsmaterial f\u00fcr Schule &amp; Ausbildung | Christiani.de","description":"Beim diesj\u00e4hrigen Christiani Ausbildertag in der Berufsakademie Singen standen die Themen Digitalisierung und Augmented Reality und Virtual Reality (AR\/VR) in der Ausbildung im Vordergrund. In zw\u00f6lf Foren konnten sich die Teilnehmer\/-innen zu verschiedenen Themen informieren, miteinander diskutieren und sich untereinander austauschen.","robots":{"index":"index","follow":"follow","max-snippet":"max-snippet:-1","max-image-preview":"max-image-preview:large","max-video-preview":"max-video-preview:-1"},"canonical":"https:\/\/www.christiani.de\/cms\/christiani-ausbildertag-zum-20-mal-erfolgreich\/","og_locale":"de_DE","og_type":"article","og_title":"Christiani Ausbildertag zum 20. Mal erfolgreich - Lehr- und Pr\u00fcfungsmaterial f\u00fcr Schule &amp; Ausbildung | Christiani.de","og_description":"Beim diesj\u00e4hrigen Christiani Ausbildertag in der Berufsakademie Singen standen die Themen Digitalisierung und Augmented Reality und Virtual Reality (AR\/VR) in der Ausbildung im Vordergrund. In zw\u00f6lf Foren konnten sich die Teilnehmer\/-innen zu verschiedenen Themen informieren, miteinander diskutieren und sich untereinander austauschen.","og_url":"https:\/\/www.christiani.de\/cms\/christiani-ausbildertag-zum-20-mal-erfolgreich\/","og_site_name":"Lehr- und Pr\u00fcfungsmaterial f\u00fcr Schule &amp; Ausbildung | Christiani.de","article_published_time":"2019-10-08T09:50:28+00:00","article_modified_time":"2024-02-16T13:47:58+00:00","og_image":[{"width":2048,"height":1366,"url":"https:\/\/www.christiani.de\/cms\/wp-content\/uploads\/2019\/10\/2048-107_edited-1.jpg","type":"image\/jpeg"}],"author":"Volker Fietz","twitter_card":"summary_large_image","twitter_misc":{"Verfasst von":"Volker Fietz","Gesch\u00e4tzte Lesezeit":"3 Minuten"},"schema":{"@context":"https:\/\/schema.org","@graph":[{"@type":"WebPage","@id":"https:\/\/www.christiani.de\/cms\/christiani-ausbildertag-zum-20-mal-erfolgreich\/","url":"https:\/\/www.christiani.de\/cms\/christiani-ausbildertag-zum-20-mal-erfolgreich\/","name":"Christiani Ausbildertag zum 20. Mal erfolgreich - Lehr- und Pr\u00fcfungsmaterial f\u00fcr Schule &amp; Ausbildung | Christiani.de","isPartOf":{"@id":"https:\/\/www.christiani.de\/cms\/#website"},"primaryImageOfPage":{"@id":"https:\/\/www.christiani.de\/cms\/christiani-ausbildertag-zum-20-mal-erfolgreich\/#primaryimage"},"image":{"@id":"https:\/\/www.christiani.de\/cms\/christiani-ausbildertag-zum-20-mal-erfolgreich\/#primaryimage"},"thumbnailUrl":"https:\/\/www.christiani.de\/cms\/wp-content\/uploads\/2019\/10\/2048-107_edited-1.jpg","datePublished":"2019-10-08T09:50:28+00:00","dateModified":"2024-02-16T13:47:58+00:00","author":{"@id":"https:\/\/www.christiani.de\/cms\/#\/schema\/person\/5f36f61a17072c4292963fd793187a84"},"description":"Beim diesj\u00e4hrigen Christiani Ausbildertag in der Berufsakademie Singen standen die Themen Digitalisierung und Augmented Reality und Virtual Reality (AR\/VR) in der Ausbildung im Vordergrund. In zw\u00f6lf Foren konnten sich die Teilnehmer\/-innen zu verschiedenen Themen informieren, miteinander diskutieren und sich untereinander austauschen.","breadcrumb":{"@id":"https:\/\/www.christiani.de\/cms\/christiani-ausbildertag-zum-20-mal-erfolgreich\/#breadcrumb"},"inLanguage":"de-DE","potentialAction":[{"@type":"ReadAction","target":["https:\/\/www.christiani.de\/cms\/christiani-ausbildertag-zum-20-mal-erfolgreich\/"]}]},{"@type":"ImageObject","inLanguage":"de-DE","@id":"https:\/\/www.christiani.de\/cms\/christiani-ausbildertag-zum-20-mal-erfolgreich\/#primaryimage","url":"https:\/\/www.christiani.de\/cms\/wp-content\/uploads\/2019\/10\/2048-107_edited-1.jpg","contentUrl":"https:\/\/www.christiani.de\/cms\/wp-content\/uploads\/2019\/10\/2048-107_edited-1.jpg","width":2048,"height":1366,"caption":"Christiani Ausbildertag 2019"},{"@type":"BreadcrumbList","@id":"https:\/\/www.christiani.de\/cms\/christiani-ausbildertag-zum-20-mal-erfolgreich\/#breadcrumb","itemListElement":[{"@type":"ListItem","position":1,"name":"christiani.de","item":"https:\/\/www.christiani.de"},{"@type":"ListItem","position":2,"name":"Bildungsaward 2025\/26"}]},{"@type":"WebSite","@id":"https:\/\/www.christiani.de\/cms\/#website","url":"https:\/\/www.christiani.de\/cms\/","name":"Lehr- und Pr\u00fcfungsmaterial f\u00fcr Schule &amp; Ausbildung | Christiani.de","description":"Christiani.de","potentialAction":[{"@type":"SearchAction","target":{"@type":"EntryPoint","urlTemplate":"https:\/\/www.christiani.de\/cms\/?s={search_term_string}"},"query-input":{"@type":"PropertyValueSpecification","valueRequired":true,"valueName":"search_term_string"}}],"inLanguage":"de-DE"},{"@type":"Person","@id":"https:\/\/www.christiani.de\/cms\/#\/schema\/person\/5f36f61a17072c4292963fd793187a84","name":"Volker Fietz","image":{"@type":"ImageObject","inLanguage":"de-DE","@id":"https:\/\/www.christiani.de\/cms\/#\/schema\/person\/image\/","url":"https:\/\/secure.gravatar.com\/avatar\/745be4b4c69945c6f8ae2330e62f26fa?s=96&d=mm&r=g","contentUrl":"https:\/\/secure.gravatar.com\/avatar\/745be4b4c69945c6f8ae2330e62f26fa?s=96&d=mm&r=g","caption":"Volker Fietz"},"description":"Volker Fietz macht Presse- und \u00d6ffentlichkeitsarbeit bei Dr.-Ing Paul Christiani GmbH &amp; Co. KG"}]}},"_links":{"self":[{"href":"https:\/\/www.christiani.de\/cms\/wp-json\/wp\/v2\/posts\/958"}],"collection":[{"href":"https:\/\/www.christiani.de\/cms\/wp-json\/wp\/v2\/posts"}],"about":[{"href":"https:\/\/www.christiani.de\/cms\/wp-json\/wp\/v2\/types\/post"}],"author":[{"embeddable":true,"href":"https:\/\/www.christiani.de\/cms\/wp-json\/wp\/v2\/users\/2"}],"replies":[{"embeddable":true,"href":"https:\/\/www.christiani.de\/cms\/wp-json\/wp\/v2\/comments?post=958"}],"version-history":[{"count":4,"href":"https:\/\/www.christiani.de\/cms\/wp-json\/wp\/v2\/posts\/958\/revisions"}],"predecessor-version":[{"id":31887,"href":"https:\/\/www.christiani.de\/cms\/wp-json\/wp\/v2\/posts\/958\/revisions\/31887"}],"wp:featuredmedia":[{"embeddable":true,"href":"https:\/\/www.christiani.de\/cms\/wp-json\/wp\/v2\/media\/960"}],"wp:attachment":[{"href":"https:\/\/www.christiani.de\/cms\/wp-json\/wp\/v2\/media?parent=958"}],"wp:term":[{"taxonomy":"category","embeddable":true,"href":"https:\/\/www.christiani.de\/cms\/wp-json\/wp\/v2\/categories?post=958"},{"taxonomy":"post_tag","embeddable":true,"href":"https:\/\/www.christiani.de\/cms\/wp-json\/wp\/v2\/tags?post=958"}],"curies":[{"name":"wp","href":"https:\/\/api.w.org\/{rel}","templated":true}]}}