{"id":4929,"date":"2020-10-20T10:04:33","date_gmt":"2020-10-20T08:04:33","guid":{"rendered":"https:\/\/www.christiani.de\/cms\/?p=4929"},"modified":"2024-02-16T13:55:24","modified_gmt":"2024-02-16T12:55:24","slug":"kooperation_christiani_karl","status":"publish","type":"post","link":"https:\/\/www.christiani.de\/cms\/kooperation_christiani_karl\/","title":{"rendered":"Kooperation f\u00fcr die Aus- und Weiterbildung"},"content":{"rendered":"<p><div class=\"fusion-fullwidth fullwidth-box fusion-builder-row-1 fusion-flex-container has-pattern-background has-mask-background gradient-container-1 nonhundred-percent-fullwidth non-hundred-percent-height-scrolling\" style=\"--awb-border-radius-top-left:0px;--awb-border-radius-top-right:0px;--awb-border-radius-bottom-right:0px;--awb-border-radius-bottom-left:0px;--awb-flex-wrap:wrap;\" ><div class=\"fusion-builder-row fusion-row fusion-flex-align-items-flex-start fusion-flex-content-wrap\" style=\"max-width:1263.6px;margin-left: calc(-4% \/ 2 );margin-right: calc(-4% \/ 2 );\"><div class=\"fusion-layout-column fusion_builder_column fusion-builder-column-0 fusion_builder_column_1_1 1_1 fusion-flex-column\" style=\"--awb-bg-size:cover;--awb-width-large:100%;--awb-margin-top-large:0px;--awb-spacing-right-large:1.92%;--awb-margin-bottom-large:20px;--awb-spacing-left-large:1.92%;--awb-width-medium:100%;--awb-order-medium:0;--awb-spacing-right-medium:1.92%;--awb-spacing-left-medium:1.92%;--awb-width-small:100%;--awb-order-small:0;--awb-spacing-right-small:1.92%;--awb-spacing-left-small:1.92%;\"><div class=\"fusion-column-wrapper fusion-column-has-shadow fusion-flex-justify-content-flex-start fusion-content-layout-column\"><div class=\"fusion-title title fusion-title-1 fusion-sep-none fusion-title-text fusion-title-size-one\"><h1 class=\"fusion-title-heading title-heading-left\" style=\"margin:0;text-transform:none;\"><strong>KARL und Christiani bringen neue Labortische auf den Markt<\/strong><\/h1><\/div><div class=\"fusion-separator\" style=\"align-self: flex-start;margin-right:auto;margin-bottom:25px;width:100%;max-width:120px;\"><div class=\"fusion-separator-border sep-single sep-solid\" style=\"--awb-height:20px;--awb-amount:20px;--awb-sep-color:#e20018;border-color:#e20018;border-top-width:2px;\"><\/div><\/div><div class=\"fusion-title title fusion-title-2 fusion-sep-none fusion-title-text fusion-title-size-two\"><h2 class=\"fusion-title-heading title-heading-left\" style=\"margin:0;text-transform:none;\"><span style=\"font-weight: normal;\">1-t\u00e4gige Unterweisung mit Praxisanteilen<\/span><\/h2><\/div><\/div><\/div><\/div><\/div><div class=\"fusion-fullwidth fullwidth-box fusion-builder-row-2 fusion-flex-container gradient-container-2 nonhundred-percent-fullwidth non-hundred-percent-height-scrolling\" style=\"--awb-border-radius-top-left:0px;--awb-border-radius-top-right:0px;--awb-border-radius-bottom-right:0px;--awb-border-radius-bottom-left:0px;--awb-flex-wrap:wrap;\" ><div class=\"fusion-builder-row fusion-row fusion-flex-align-items-flex-start fusion-flex-content-wrap\" style=\"max-width:1263.6px;margin-left: calc(-4% \/ 2 );margin-right: calc(-4% \/ 2 );\"><div class=\"fusion-layout-column fusion_builder_column fusion-builder-column-1 fusion_builder_column_1_1 1_1 fusion-flex-column\" style=\"--awb-bg-size:cover;--awb-width-large:100%;--awb-margin-top-large:0px;--awb-spacing-right-large:1.92%;--awb-margin-bottom-large:0px;--awb-spacing-left-large:1.92%;--awb-width-medium:100%;--awb-spacing-right-medium:1.92%;--awb-spacing-left-medium:1.92%;--awb-width-small:100%;--awb-spacing-right-small:1.92%;--awb-spacing-left-small:1.92%;\"><div class=\"fusion-column-wrapper fusion-flex-justify-content-flex-start fusion-content-layout-column\"><div class=\"fusion-text fusion-text-1\"><p>&nbsp;<\/p>\n<p><strong>Zusammengenommen vereinen sie fast 175 Jahre an Erfahrung und Know-how. Sowohl der Hersteller von Arbeitsplatzsystemen KARL aus dem bayerischen Fahrenzhausen als auch der Bildungsanbieter Christiani aus Konstanz sind jeweils in den Drei\u00dfigerjahren des letzten Jahrhunderts gegr\u00fcndet worden. Nun nutzen beide Unternehmen ihre Tradition und die Innovationskr\u00e4fte, um neue Lehrsysteme f\u00fcr die Aus- und Weiterbildung auf den Weg zu bringen.<\/strong><\/p>\n<p>Die Unternehmen KARL und Christiani sind das, was man \u201eHidden Champions\u201c nennt. KARL hat sich vom Handwerksbetrieb zum europaweit f\u00fchrenden Spezialisten f\u00fcr ESD-gerechte Arbeitsplatz- und Logistiksysteme entwickelt. Christiani begann als erstes Fernlehrinstitut in Deutschland. Das Unternehmen ist heute Komplettanbieter im Bereich der technischen Aus- und Weiterbildung. Das Produktprogramm reicht von Fachb\u00fcchern und anderen Lehrmedien \u00fcber Schulungssysteme bis zu kompletten Laboren und Werkst\u00e4tten f\u00fcr die Aus- und Weiterbildung.<\/p>\n<p>Das Know-how als Arbeitsplatzsystem- und als Bildungsanbieter b\u00fcndeln die beiden Unternehmen, um gemeinsam ergonomische, praxisgerechte Arbeitsplatzl\u00f6sungen f\u00fcr die technische Aus- und Weiterbildung zu entwickeln.<\/p>\n<p>\u201eF\u00fcr uns ist die Kooperation mit Christiani ein echter Gl\u00fccksgriff\u201c, erkl\u00e4rt Andreas Karl, Gesch\u00e4ftsf\u00fchrer der KARL GmbH &amp; Co. KG. \u201eDenn mit Christiani k\u00f6nnen wir eine Nische in unserem Portfolio besetzen und Produkte anbieten, die perfekt auf die Bed\u00fcrfnisse der Aus- und Weiterbildung passen.\u201c<\/p>\n<p>Die ersten Produkte sind bereits erh\u00e4ltlich: Es handelt sich um vier Labortische und ein Ausbildungsplatzsystem, die unter anderem in der Aus- und Weiterbildung der Elektrotechnik, Mechatronik und Automatisierungstechnik zum Einsatz kommen. Die neue Labortisch-Linie hat KARL eigens in Zusammenarbeit mit Christiani konzipiert und gefertigt. Die Labortische sind mit Versorgungsmodulen, elektronischen Ger\u00e4ten und einem Experimentierrahmen ausgestattet. In diesen Rahmen werden Lerntafeln von Christiani eingeh\u00e4ngt, an denen Auszubildende die Grundlagen ihres Fachs erlernen. Zu den Tischen und anderen \u201eHardware-Komponenten\u201c bietet Christiani auch didaktisch aufbereitete Unterlagen an, mit denen Trainer das ben\u00f6tigte Wissen an die Lernenden vermitteln k\u00f6nnen.<\/p>\n<p>Auch bei Christiani verfolgt man gro\u00dfe Ziele mit der Kooperation. \u201eDas Unternehmen KARL erf\u00fcllt unsere Voraussetzungen f\u00fcr ein effizientes Lehrsystem im besonderen Ma\u00dfe\u201c, erkl\u00e4rt Ralf Detzel Gesch\u00e4ftsf\u00fchrer bei Christiani. \u201eDenn KARL kennt die Anforderungen der Industrie bestens. Die Produkte sind besonders ergonomisch und praktikabel. Und genau auf solche Praxisn\u00e4he kommt es auch in der Aus- und Weiterbildung an.\u201c<\/p>\n<p>So gehen beide Unternehmen mit hohen Erwartungen an den Start und man darf gespannt sein, welche L\u00f6sungen f\u00fcr die Aus- und Weiterbildung dabei noch entwickelt werden<\/p>\n<\/div><\/div><\/div><\/div><\/div><div class=\"fusion-fullwidth fullwidth-box fusion-builder-row-3 fusion-flex-container has-pattern-background has-mask-background gradient-container-3 nonhundred-percent-fullwidth non-hundred-percent-height-scrolling\" style=\"--awb-border-radius-top-left:0px;--awb-border-radius-top-right:0px;--awb-border-radius-bottom-right:0px;--awb-border-radius-bottom-left:0px;--awb-margin-top:30px;--awb-flex-wrap:wrap;\" ><div class=\"fusion-builder-row fusion-row fusion-flex-align-items-flex-start fusion-flex-content-wrap\" style=\"max-width:1263.6px;margin-left: calc(-4% \/ 2 );margin-right: calc(-4% \/ 2 );\"><div class=\"fusion-layout-column fusion_builder_column fusion-builder-column-2 fusion_builder_column_1_1 1_1 fusion-flex-column\" style=\"--awb-bg-size:cover;--awb-width-large:100%;--awb-margin-top-large:0px;--awb-spacing-right-large:1.92%;--awb-margin-bottom-large:20px;--awb-spacing-left-large:1.92%;--awb-width-medium:100%;--awb-order-medium:0;--awb-spacing-right-medium:1.92%;--awb-spacing-left-medium:1.92%;--awb-width-small:100%;--awb-order-small:0;--awb-spacing-right-small:1.92%;--awb-spacing-left-small:1.92%;\"><div class=\"fusion-column-wrapper fusion-column-has-shadow fusion-flex-justify-content-flex-start fusion-content-layout-column\"><div class=\"fusion-separator fusion-full-width-sep\" style=\"align-self: center;margin-left: auto;margin-right: auto;margin-bottom:20px;width:100%;max-width:100%;\"><div class=\"fusion-separator-border sep-single sep-solid\" style=\"--awb-height:20px;--awb-amount:20px;--awb-sep-color:#676767;border-color:#676767;border-top-width:1px;\"><\/div><\/div><div class=\"fusion-title title fusion-title-3 fusion-sep-none fusion-title-text fusion-title-size-two\" style=\"--awb-margin-bottom:50px;--awb-font-size:32px;\"><h2 class=\"fusion-title-heading title-heading-left\" style=\"margin:0;font-size:1em;text-transform:none;\"><strong>\u00c4hnliche Beitr\u00e4ge<\/strong><\/h2><\/div><div class=\"fusion-blog-shortcode fusion-blog-shortcode-1 fusion-blog-archive fusion-blog-layout-grid-wrapper fusion-blog-no fusion-blog-no-images\" style=\"--awb-title-line-height:normal;\"><style type=\"text\/css\">.fusion-blog-shortcode-1 .fusion-blog-layout-grid .fusion-post-grid{padding:20px;}.fusion-blog-shortcode-1 .fusion-posts-container{margin-left: -20px !important; margin-right:-20px !important;}<\/style><div class=\"fusion-posts-container fusion-posts-container-no fusion-no-meta-info fusion-blog-layout-grid fusion-blog-layout-grid-3 isotope fusion-blog-equal-heights\" data-pages=\"52\" data-grid-col-space=\"40\" style=\"margin: -20px -20px 0;min-height:500px;\"><article id=\"blog-1-post-41904\" class=\"fusion-post-grid post-41904 post type-post status-publish format-standard has-post-thumbnail hentry category-allgemein\">\n<div class=\"fusion-post-wrapper\" style=\"background-color:rgba(255,255,255,0);border:none;\"><div class=\"fusion-post-content-wrapper\" style=\"padding:0 0 0 0;\"><div class=\"fusion-post-content post-content\"><h3 class=\"blog-shortcode-post-title entry-title\"><a href=\"https:\/\/www.christiani.de\/cms\/didacta_2026\/\">Christiani auf der didacta 2026<\/a><\/h3><div class=\"fusion-post-content-container\"><p> Highlights von Christiani auf der didacta 2026       Sehen wir uns in K\u00f6ln? In diesem Jahr pr\u00e4sentieren wir auf der didacta einige echte Hi<a href=\"https:\/\/www.christiani.de\/cms\/didacta_2026\/\"><span class=\"c-676767\"> [...]<\/span><\/a><\/p><p class=\"arrow-links\"><a href=\"https:\/\/www.christiani.de\/cms\/didacta_2026\/\"><span>Mehr lesen \u00a0<\/span><\/a><\/p><\/div><\/div><\/div><div class=\"fusion-clearfix\"><\/div><\/div>\n<\/article>\n<article id=\"blog-1-post-41963\" class=\"fusion-post-grid post-41963 post type-post status-publish format-standard has-post-thumbnail hentry category-allgemein\">\n<div class=\"fusion-post-wrapper\" style=\"background-color:rgba(255,255,255,0);border:none;\"><div class=\"fusion-post-content-wrapper\" style=\"padding:0 0 0 0;\"><div class=\"fusion-post-content post-content\"><h3 class=\"blog-shortcode-post-title entry-title\"><a href=\"https:\/\/www.christiani.de\/cms\/spannendes-von-christiani-fuer-den-mint-unterricht\/\">Spannendes von Christiani f\u00fcr den MINT-Unterricht<\/a><\/h3><div class=\"fusion-post-content-container\"><p> Spannendes von Christiani f\u00fcr den MINT-Unterricht   Lehrerinnen und Lehrer d\u00fcrfen sich in diesem Jahr besonders auf die didacta freuen.\u00a0Bei<a href=\"https:\/\/www.christiani.de\/cms\/spannendes-von-christiani-fuer-den-mint-unterricht\/\"><span class=\"c-676767\"> [...]<\/span><\/a><\/p><p class=\"arrow-links\"><a href=\"https:\/\/www.christiani.de\/cms\/spannendes-von-christiani-fuer-den-mint-unterricht\/\"><span>Mehr lesen \u00a0<\/span><\/a><\/p><\/div><\/div><\/div><div class=\"fusion-clearfix\"><\/div><\/div>\n<\/article>\n<article id=\"blog-1-post-41251\" class=\"fusion-post-grid post-41251 post type-post status-publish format-standard has-post-thumbnail hentry category-allgemein\">\n<div class=\"fusion-post-wrapper\" style=\"background-color:rgba(255,255,255,0);border:none;\"><div class=\"fusion-post-content-wrapper\" style=\"padding:0 0 0 0;\"><div class=\"fusion-post-content post-content\"><h3 class=\"blog-shortcode-post-title entry-title\"><a href=\"https:\/\/www.christiani.de\/cms\/bildungsaward-2025-26\/\">Bildungsaward 2025\/26<\/a><\/h3><div class=\"fusion-post-content-container\"><p> Ausgezeichnet! Christiani erh\u00e4lt den Deutschen Bildungs-Award 2025\/26       Das Christiani Lernportal C-LEARNING hat erst k\u00fcrzlich seinen d<a href=\"https:\/\/www.christiani.de\/cms\/bildungsaward-2025-26\/\"><span class=\"c-676767\"> [...]<\/span><\/a><\/p><p class=\"arrow-links\"><a href=\"https:\/\/www.christiani.de\/cms\/bildungsaward-2025-26\/\"><span>Mehr lesen \u00a0<\/span><\/a><\/p><\/div><\/div><\/div><div class=\"fusion-clearfix\"><\/div><\/div>\n<\/article>\n<div class=\"fusion-clearfix\"><\/div><\/div><\/div><\/div><\/div><\/div><\/div><\/p>\n","protected":false},"excerpt":{"rendered":"","protected":false},"author":2,"featured_media":4936,"comment_status":"open","ping_status":"open","sticky":false,"template":"","format":"standard","meta":{"footnotes":""},"categories":[1,8],"tags":[],"class_list":["post-4929","post","type-post","status-publish","format-standard","has-post-thumbnail","hentry","category-allgemein","category-ausbildung"],"yoast_head":"<!-- This site is optimized with the Yoast SEO plugin v23.4 - https:\/\/yoast.com\/wordpress\/plugins\/seo\/ -->\n<title>Kooperation f\u00fcr die Aus- und Weiterbildung | Christiani<\/title>\n<meta name=\"description\" content=\"Die Unternehmen KARL und Christiani kooperieren und bringen neue Labortische f\u00fcr die Aus- und Weiterbildung auf den Markt.\" \/>\n<meta name=\"robots\" content=\"index, follow, max-snippet:-1, max-image-preview:large, max-video-preview:-1\" \/>\n<link rel=\"canonical\" href=\"https:\/\/www.christiani.de\/cms\/kooperation_christiani_karl\/\" \/>\n<meta property=\"og:locale\" content=\"de_DE\" \/>\n<meta property=\"og:type\" content=\"article\" \/>\n<meta property=\"og:title\" content=\"Kooperation f\u00fcr die Aus- und Weiterbildung | Christiani\" \/>\n<meta property=\"og:description\" content=\"Die Unternehmen KARL und Christiani kooperieren und bringen neue Labortische f\u00fcr die Aus- und Weiterbildung auf den Markt.\" \/>\n<meta property=\"og:url\" content=\"https:\/\/www.christiani.de\/cms\/kooperation_christiani_karl\/\" \/>\n<meta property=\"og:site_name\" content=\"Lehr- und Pr\u00fcfungsmaterial f\u00fcr Schule &amp; Ausbildung | Christiani.de\" \/>\n<meta property=\"article:published_time\" content=\"2020-10-20T08:04:33+00:00\" \/>\n<meta property=\"article:modified_time\" content=\"2024-02-16T12:55:24+00:00\" \/>\n<meta property=\"og:image\" content=\"https:\/\/www.christiani.de\/cms\/wp-content\/uploads\/2020\/10\/Kooperation-Christiani-und-KARL.jpg\" \/>\n\t<meta property=\"og:image:width\" content=\"900\" \/>\n\t<meta property=\"og:image:height\" content=\"584\" \/>\n\t<meta property=\"og:image:type\" content=\"image\/jpeg\" \/>\n<meta name=\"author\" content=\"Volker Fietz\" \/>\n<meta name=\"twitter:card\" content=\"summary_large_image\" \/>\n<meta name=\"twitter:label1\" content=\"Verfasst von\" \/>\n\t<meta name=\"twitter:data1\" content=\"Volker Fietz\" \/>\n\t<meta name=\"twitter:label2\" content=\"Gesch\u00e4tzte Lesezeit\" \/>\n\t<meta name=\"twitter:data2\" content=\"3 Minuten\" \/>\n<script type=\"application\/ld+json\" class=\"yoast-schema-graph\">{\"@context\":\"https:\/\/schema.org\",\"@graph\":[{\"@type\":\"WebPage\",\"@id\":\"https:\/\/www.christiani.de\/cms\/kooperation_christiani_karl\/\",\"url\":\"https:\/\/www.christiani.de\/cms\/kooperation_christiani_karl\/\",\"name\":\"Kooperation f\u00fcr die Aus- und Weiterbildung | Christiani\",\"isPartOf\":{\"@id\":\"https:\/\/www.christiani.de\/cms\/#website\"},\"primaryImageOfPage\":{\"@id\":\"https:\/\/www.christiani.de\/cms\/kooperation_christiani_karl\/#primaryimage\"},\"image\":{\"@id\":\"https:\/\/www.christiani.de\/cms\/kooperation_christiani_karl\/#primaryimage\"},\"thumbnailUrl\":\"https:\/\/www.christiani.de\/cms\/wp-content\/uploads\/2020\/10\/Kooperation-Christiani-und-KARL.jpg\",\"datePublished\":\"2020-10-20T08:04:33+00:00\",\"dateModified\":\"2024-02-16T12:55:24+00:00\",\"author\":{\"@id\":\"https:\/\/www.christiani.de\/cms\/#\/schema\/person\/5f36f61a17072c4292963fd793187a84\"},\"description\":\"Die Unternehmen KARL und Christiani kooperieren und bringen neue Labortische f\u00fcr die Aus- und Weiterbildung auf den Markt.\",\"breadcrumb\":{\"@id\":\"https:\/\/www.christiani.de\/cms\/kooperation_christiani_karl\/#breadcrumb\"},\"inLanguage\":\"de-DE\",\"potentialAction\":[{\"@type\":\"ReadAction\",\"target\":[\"https:\/\/www.christiani.de\/cms\/kooperation_christiani_karl\/\"]}]},{\"@type\":\"ImageObject\",\"inLanguage\":\"de-DE\",\"@id\":\"https:\/\/www.christiani.de\/cms\/kooperation_christiani_karl\/#primaryimage\",\"url\":\"https:\/\/www.christiani.de\/cms\/wp-content\/uploads\/2020\/10\/Kooperation-Christiani-und-KARL.jpg\",\"contentUrl\":\"https:\/\/www.christiani.de\/cms\/wp-content\/uploads\/2020\/10\/Kooperation-Christiani-und-KARL.jpg\",\"width\":900,\"height\":584},{\"@type\":\"BreadcrumbList\",\"@id\":\"https:\/\/www.christiani.de\/cms\/kooperation_christiani_karl\/#breadcrumb\",\"itemListElement\":[{\"@type\":\"ListItem\",\"position\":1,\"name\":\"christiani.de\",\"item\":\"https:\/\/www.christiani.de\"},{\"@type\":\"ListItem\",\"position\":2,\"name\":\"Bildungsaward 2025\/26\"}]},{\"@type\":\"WebSite\",\"@id\":\"https:\/\/www.christiani.de\/cms\/#website\",\"url\":\"https:\/\/www.christiani.de\/cms\/\",\"name\":\"Lehr- und Pr\u00fcfungsmaterial f\u00fcr Schule &amp; Ausbildung | Christiani.de\",\"description\":\"Christiani.de\",\"potentialAction\":[{\"@type\":\"SearchAction\",\"target\":{\"@type\":\"EntryPoint\",\"urlTemplate\":\"https:\/\/www.christiani.de\/cms\/?s={search_term_string}\"},\"query-input\":{\"@type\":\"PropertyValueSpecification\",\"valueRequired\":true,\"valueName\":\"search_term_string\"}}],\"inLanguage\":\"de-DE\"},{\"@type\":\"Person\",\"@id\":\"https:\/\/www.christiani.de\/cms\/#\/schema\/person\/5f36f61a17072c4292963fd793187a84\",\"name\":\"Volker Fietz\",\"image\":{\"@type\":\"ImageObject\",\"inLanguage\":\"de-DE\",\"@id\":\"https:\/\/www.christiani.de\/cms\/#\/schema\/person\/image\/\",\"url\":\"https:\/\/secure.gravatar.com\/avatar\/745be4b4c69945c6f8ae2330e62f26fa?s=96&d=mm&r=g\",\"contentUrl\":\"https:\/\/secure.gravatar.com\/avatar\/745be4b4c69945c6f8ae2330e62f26fa?s=96&d=mm&r=g\",\"caption\":\"Volker Fietz\"},\"description\":\"Volker Fietz macht Presse- und \u00d6ffentlichkeitsarbeit bei Dr.-Ing Paul Christiani GmbH &amp; Co. KG\"}]}<\/script>\n<!-- \/ Yoast SEO plugin. -->","yoast_head_json":{"title":"Kooperation f\u00fcr die Aus- und Weiterbildung | Christiani","description":"Die Unternehmen KARL und Christiani kooperieren und bringen neue Labortische f\u00fcr die Aus- und Weiterbildung auf den Markt.","robots":{"index":"index","follow":"follow","max-snippet":"max-snippet:-1","max-image-preview":"max-image-preview:large","max-video-preview":"max-video-preview:-1"},"canonical":"https:\/\/www.christiani.de\/cms\/kooperation_christiani_karl\/","og_locale":"de_DE","og_type":"article","og_title":"Kooperation f\u00fcr die Aus- und Weiterbildung | Christiani","og_description":"Die Unternehmen KARL und Christiani kooperieren und bringen neue Labortische f\u00fcr die Aus- und Weiterbildung auf den Markt.","og_url":"https:\/\/www.christiani.de\/cms\/kooperation_christiani_karl\/","og_site_name":"Lehr- und Pr\u00fcfungsmaterial f\u00fcr Schule &amp; Ausbildung | Christiani.de","article_published_time":"2020-10-20T08:04:33+00:00","article_modified_time":"2024-02-16T12:55:24+00:00","og_image":[{"width":900,"height":584,"url":"https:\/\/www.christiani.de\/cms\/wp-content\/uploads\/2020\/10\/Kooperation-Christiani-und-KARL.jpg","type":"image\/jpeg"}],"author":"Volker Fietz","twitter_card":"summary_large_image","twitter_misc":{"Verfasst von":"Volker Fietz","Gesch\u00e4tzte Lesezeit":"3 Minuten"},"schema":{"@context":"https:\/\/schema.org","@graph":[{"@type":"WebPage","@id":"https:\/\/www.christiani.de\/cms\/kooperation_christiani_karl\/","url":"https:\/\/www.christiani.de\/cms\/kooperation_christiani_karl\/","name":"Kooperation f\u00fcr die Aus- und Weiterbildung | Christiani","isPartOf":{"@id":"https:\/\/www.christiani.de\/cms\/#website"},"primaryImageOfPage":{"@id":"https:\/\/www.christiani.de\/cms\/kooperation_christiani_karl\/#primaryimage"},"image":{"@id":"https:\/\/www.christiani.de\/cms\/kooperation_christiani_karl\/#primaryimage"},"thumbnailUrl":"https:\/\/www.christiani.de\/cms\/wp-content\/uploads\/2020\/10\/Kooperation-Christiani-und-KARL.jpg","datePublished":"2020-10-20T08:04:33+00:00","dateModified":"2024-02-16T12:55:24+00:00","author":{"@id":"https:\/\/www.christiani.de\/cms\/#\/schema\/person\/5f36f61a17072c4292963fd793187a84"},"description":"Die Unternehmen KARL und Christiani kooperieren und bringen neue Labortische f\u00fcr die Aus- und Weiterbildung auf den Markt.","breadcrumb":{"@id":"https:\/\/www.christiani.de\/cms\/kooperation_christiani_karl\/#breadcrumb"},"inLanguage":"de-DE","potentialAction":[{"@type":"ReadAction","target":["https:\/\/www.christiani.de\/cms\/kooperation_christiani_karl\/"]}]},{"@type":"ImageObject","inLanguage":"de-DE","@id":"https:\/\/www.christiani.de\/cms\/kooperation_christiani_karl\/#primaryimage","url":"https:\/\/www.christiani.de\/cms\/wp-content\/uploads\/2020\/10\/Kooperation-Christiani-und-KARL.jpg","contentUrl":"https:\/\/www.christiani.de\/cms\/wp-content\/uploads\/2020\/10\/Kooperation-Christiani-und-KARL.jpg","width":900,"height":584},{"@type":"BreadcrumbList","@id":"https:\/\/www.christiani.de\/cms\/kooperation_christiani_karl\/#breadcrumb","itemListElement":[{"@type":"ListItem","position":1,"name":"christiani.de","item":"https:\/\/www.christiani.de"},{"@type":"ListItem","position":2,"name":"Bildungsaward 2025\/26"}]},{"@type":"WebSite","@id":"https:\/\/www.christiani.de\/cms\/#website","url":"https:\/\/www.christiani.de\/cms\/","name":"Lehr- und Pr\u00fcfungsmaterial f\u00fcr Schule &amp; Ausbildung | Christiani.de","description":"Christiani.de","potentialAction":[{"@type":"SearchAction","target":{"@type":"EntryPoint","urlTemplate":"https:\/\/www.christiani.de\/cms\/?s={search_term_string}"},"query-input":{"@type":"PropertyValueSpecification","valueRequired":true,"valueName":"search_term_string"}}],"inLanguage":"de-DE"},{"@type":"Person","@id":"https:\/\/www.christiani.de\/cms\/#\/schema\/person\/5f36f61a17072c4292963fd793187a84","name":"Volker Fietz","image":{"@type":"ImageObject","inLanguage":"de-DE","@id":"https:\/\/www.christiani.de\/cms\/#\/schema\/person\/image\/","url":"https:\/\/secure.gravatar.com\/avatar\/745be4b4c69945c6f8ae2330e62f26fa?s=96&d=mm&r=g","contentUrl":"https:\/\/secure.gravatar.com\/avatar\/745be4b4c69945c6f8ae2330e62f26fa?s=96&d=mm&r=g","caption":"Volker Fietz"},"description":"Volker Fietz macht Presse- und \u00d6ffentlichkeitsarbeit bei Dr.-Ing Paul Christiani GmbH &amp; Co. KG"}]}},"_links":{"self":[{"href":"https:\/\/www.christiani.de\/cms\/wp-json\/wp\/v2\/posts\/4929"}],"collection":[{"href":"https:\/\/www.christiani.de\/cms\/wp-json\/wp\/v2\/posts"}],"about":[{"href":"https:\/\/www.christiani.de\/cms\/wp-json\/wp\/v2\/types\/post"}],"author":[{"embeddable":true,"href":"https:\/\/www.christiani.de\/cms\/wp-json\/wp\/v2\/users\/2"}],"replies":[{"embeddable":true,"href":"https:\/\/www.christiani.de\/cms\/wp-json\/wp\/v2\/comments?post=4929"}],"version-history":[{"count":4,"href":"https:\/\/www.christiani.de\/cms\/wp-json\/wp\/v2\/posts\/4929\/revisions"}],"predecessor-version":[{"id":31833,"href":"https:\/\/www.christiani.de\/cms\/wp-json\/wp\/v2\/posts\/4929\/revisions\/31833"}],"wp:featuredmedia":[{"embeddable":true,"href":"https:\/\/www.christiani.de\/cms\/wp-json\/wp\/v2\/media\/4936"}],"wp:attachment":[{"href":"https:\/\/www.christiani.de\/cms\/wp-json\/wp\/v2\/media?parent=4929"}],"wp:term":[{"taxonomy":"category","embeddable":true,"href":"https:\/\/www.christiani.de\/cms\/wp-json\/wp\/v2\/categories?post=4929"},{"taxonomy":"post_tag","embeddable":true,"href":"https:\/\/www.christiani.de\/cms\/wp-json\/wp\/v2\/tags?post=4929"}],"curies":[{"name":"wp","href":"https:\/\/api.w.org\/{rel}","templated":true}]}}