{"id":4512,"date":"2020-08-25T16:51:19","date_gmt":"2020-08-25T14:51:19","guid":{"rendered":"https:\/\/www.christiani.de\/cms\/?p=4512"},"modified":"2024-02-16T14:01:04","modified_gmt":"2024-02-16T13:01:04","slug":"back-to-school-2020","status":"publish","type":"post","link":"https:\/\/www.christiani.de\/cms\/back-to-school-2020\/","title":{"rendered":"Der perfekte Start ins neue Schuljahr"},"content":{"rendered":"<p><div class=\"fusion-fullwidth fullwidth-box fusion-builder-row-1 fusion-flex-container has-pattern-background has-mask-background gradient-container-1 nonhundred-percent-fullwidth non-hundred-percent-height-scrolling\" style=\"--awb-border-radius-top-left:0px;--awb-border-radius-top-right:0px;--awb-border-radius-bottom-right:0px;--awb-border-radius-bottom-left:0px;--awb-flex-wrap:wrap;\" ><div class=\"fusion-builder-row fusion-row fusion-flex-align-items-flex-start fusion-flex-content-wrap\" style=\"max-width:1263.6px;margin-left: calc(-4% \/ 2 );margin-right: calc(-4% \/ 2 );\"><div class=\"fusion-layout-column fusion_builder_column fusion-builder-column-0 fusion_builder_column_1_1 1_1 fusion-flex-column\" style=\"--awb-bg-size:cover;--awb-width-large:100%;--awb-margin-top-large:0px;--awb-spacing-right-large:1.92%;--awb-margin-bottom-large:20px;--awb-spacing-left-large:1.92%;--awb-width-medium:100%;--awb-order-medium:0;--awb-spacing-right-medium:1.92%;--awb-spacing-left-medium:1.92%;--awb-width-small:100%;--awb-order-small:0;--awb-spacing-right-small:1.92%;--awb-spacing-left-small:1.92%;\"><div class=\"fusion-column-wrapper fusion-column-has-shadow fusion-flex-justify-content-flex-start fusion-content-layout-column\"><div class=\"fusion-title title fusion-title-1 fusion-sep-none fusion-title-text fusion-title-size-one\"><h1 class=\"fusion-title-heading title-heading-left\" style=\"margin:0;text-transform:none;\"><strong>Digitalisierung des Schulbetriebs und das Christiani MakerSpace<\/strong><\/h1><\/div><div class=\"fusion-separator\" style=\"align-self: flex-start;margin-right:auto;margin-bottom:25px;width:100%;max-width:120px;\"><div class=\"fusion-separator-border sep-single sep-solid\" style=\"--awb-height:20px;--awb-amount:20px;--awb-sep-color:#e20018;border-color:#e20018;border-top-width:2px;\"><\/div><\/div><\/div><\/div><\/div><\/div><div class=\"fusion-fullwidth fullwidth-box fusion-builder-row-2 fusion-flex-container gradient-container-2 nonhundred-percent-fullwidth non-hundred-percent-height-scrolling\" style=\"--awb-border-radius-top-left:0px;--awb-border-radius-top-right:0px;--awb-border-radius-bottom-right:0px;--awb-border-radius-bottom-left:0px;--awb-flex-wrap:wrap;\" ><div class=\"fusion-builder-row fusion-row fusion-flex-align-items-flex-start fusion-flex-content-wrap\" style=\"max-width:1263.6px;margin-left: calc(-4% \/ 2 );margin-right: calc(-4% \/ 2 );\"><div class=\"fusion-layout-column fusion_builder_column fusion-builder-column-1 fusion_builder_column_1_1 1_1 fusion-flex-column\" style=\"--awb-bg-size:cover;--awb-width-large:100%;--awb-margin-top-large:0px;--awb-spacing-right-large:1.92%;--awb-margin-bottom-large:0px;--awb-spacing-left-large:1.92%;--awb-width-medium:100%;--awb-spacing-right-medium:1.92%;--awb-spacing-left-medium:1.92%;--awb-width-small:100%;--awb-spacing-right-small:1.92%;--awb-spacing-left-small:1.92%;\"><div class=\"fusion-column-wrapper fusion-flex-justify-content-flex-start fusion-content-layout-column\"><div class=\"fusion-text fusion-text-1\"><p>Die ersten Bundesl\u00e4nder sind schon wieder in den Regelschulbetrieb gestartet und die \u00fcbrigen werden in den n\u00e4chsten Wochen folgen. Doch \u00fcber die Monate haben sich Schulen stark ver\u00e4ndert, die Digitalisierung hat in den Bildungseinrichtungen stark zugenommen.\u00a0 Von der digitalen Ausstattung der Klassenzimmer, zu digitalem Umgang und Integrierung in den Lehrplan.<\/p>\n<p>Gef\u00f6rdert und unterst\u00fctzt wird die Digitalisierung der Bildungseinrichtungen von Bund und L\u00e4ndern durch den <strong>DigitalPakt<\/strong>. Rund 5,5 Milliarden Euro wurden daf\u00fcr zur Verf\u00fcgung gestellt. Trotzdem nutzen noch immer wenige diese F\u00f6rderungsm\u00f6glichkeit, um eine digitale Infrastruktur aufzubauen und Lehrkr\u00e4fte weiterzubilden. Dabei ist eine ausreichende digitale Ausstattung ein wichtiger Bestandteil f\u00fcr die Berufe von morgen.<\/p>\n<p>Wichtige Informationen zum DigitalPakt und zur Einrichtung eines MakerSpace haben wir f\u00fcr Sie in den folgenden PDFs zusammengestellt \u2013 Sie k\u00f6nnen die Dokumente mit einem Klick downloaden.<\/p>\n<p><strong><a href=\"https:\/\/www.christiani.de\/cms\/wp-content\/uploads\/2020\/08\/5225_2-Seiter_Digitalpakt_K1.pdf\" target=\"_blank\" rel=\"noopener noreferrer\">Unsere Unterst\u00fctzung beim DigitalPakt Schule<\/a>\u00a0<\/strong><\/p>\n<p>Einen Raum f\u00fcr den digitalen Einstieg von Sch\u00fcler\/-innen bietet das Christiani MakerSpace. Ausgestattet mit handwerklichen und digitalen Lernkonzepten rund um Coding und Robotik bietet das MakerSpace von Christiani gen\u00fcgend Raum, um sich kreativ, technisch und digital zu entdecken. Egal f\u00fcr welche Klassenstufe und Einsteigerlevel gibt es f\u00fcr jeden das passende Lernkonzept und Modell. Mit eigens angefertigten Schr\u00e4nken zur Aufbewahrung und Verstauung bietet das MakerSpace gen\u00fcgend Stauraum und Platz zum kreativen Lernen. Wir beraten und unterst\u00fctzen Sie gerne bei der Ausarbeitung Ihres MakerSpace und der Auswahl von effektiven Lernkonzepten f\u00fcr Ihre Bed\u00fcrfnisse.<\/p>\n<p><a href=\"https:\/\/www.christiani.de\/cms\/makerspace-seiten_4_seiten\/\" target=\"_blank\" rel=\"noopener noreferrer\"><strong>Entdecken, was inspiriert \u2013 Christiani MakerSpace\u00a0<\/strong><\/a><\/p>\n<\/div><\/div><\/div><\/div><\/div><div class=\"fusion-fullwidth fullwidth-box fusion-builder-row-3 fusion-flex-container has-pattern-background has-mask-background gradient-container-3 nonhundred-percent-fullwidth non-hundred-percent-height-scrolling\" style=\"--awb-border-radius-top-left:0px;--awb-border-radius-top-right:0px;--awb-border-radius-bottom-right:0px;--awb-border-radius-bottom-left:0px;--awb-margin-top:30px;--awb-flex-wrap:wrap;\" ><div class=\"fusion-builder-row fusion-row fusion-flex-align-items-flex-start fusion-flex-content-wrap\" style=\"max-width:1263.6px;margin-left: calc(-4% \/ 2 );margin-right: calc(-4% \/ 2 );\"><div class=\"fusion-layout-column fusion_builder_column fusion-builder-column-2 fusion_builder_column_1_1 1_1 fusion-flex-column\" style=\"--awb-bg-size:cover;--awb-width-large:100%;--awb-margin-top-large:0px;--awb-spacing-right-large:1.92%;--awb-margin-bottom-large:20px;--awb-spacing-left-large:1.92%;--awb-width-medium:100%;--awb-order-medium:0;--awb-spacing-right-medium:1.92%;--awb-spacing-left-medium:1.92%;--awb-width-small:100%;--awb-order-small:0;--awb-spacing-right-small:1.92%;--awb-spacing-left-small:1.92%;\"><div class=\"fusion-column-wrapper fusion-column-has-shadow fusion-flex-justify-content-flex-start fusion-content-layout-column\"><div class=\"fusion-separator fusion-full-width-sep\" style=\"align-self: center;margin-left: auto;margin-right: auto;margin-bottom:20px;width:100%;max-width:100%;\"><div class=\"fusion-separator-border sep-single sep-solid\" style=\"--awb-height:20px;--awb-amount:20px;--awb-sep-color:#676767;border-color:#676767;border-top-width:1px;\"><\/div><\/div><div class=\"fusion-title title fusion-title-2 fusion-sep-none fusion-title-text fusion-title-size-two\" style=\"--awb-margin-bottom:50px;--awb-font-size:32px;\"><h2 class=\"fusion-title-heading title-heading-left\" style=\"margin:0;font-size:1em;text-transform:none;\"><strong>\u00c4hnliche Beitr\u00e4ge<\/strong><\/h2><\/div><div class=\"fusion-blog-shortcode fusion-blog-shortcode-1 fusion-blog-archive fusion-blog-layout-grid-wrapper fusion-blog-no fusion-blog-no-images\" style=\"--awb-title-line-height:normal;\"><style type=\"text\/css\">.fusion-blog-shortcode-1 .fusion-blog-layout-grid .fusion-post-grid{padding:20px;}.fusion-blog-shortcode-1 .fusion-posts-container{margin-left: -20px !important; margin-right:-20px !important;}<\/style><div class=\"fusion-posts-container fusion-posts-container-no fusion-no-meta-info fusion-blog-layout-grid fusion-blog-layout-grid-3 isotope fusion-blog-equal-heights\" data-pages=\"51\" data-grid-col-space=\"40\" style=\"margin: -20px -20px 0;min-height:500px;\"><article id=\"blog-1-post-41904\" class=\"fusion-post-grid post-41904 post type-post status-publish format-standard has-post-thumbnail hentry category-allgemein\">\n<div class=\"fusion-post-wrapper\" style=\"background-color:rgba(255,255,255,0);border:none;\"><div class=\"fusion-post-content-wrapper\" style=\"padding:0 0 0 0;\"><div class=\"fusion-post-content post-content\"><h3 class=\"blog-shortcode-post-title entry-title\"><a href=\"https:\/\/www.christiani.de\/cms\/didacta_2026\/\">Christiani auf der didacta 2026<\/a><\/h3><div class=\"fusion-post-content-container\"><p> Highlights von Christiani auf der didacta 2026       Sehen wir uns in K\u00f6ln? In diesem Jahr pr\u00e4sentieren wir auf der didacta einige echte Hi<a href=\"https:\/\/www.christiani.de\/cms\/didacta_2026\/\"><span class=\"c-676767\"> [...]<\/span><\/a><\/p><p class=\"arrow-links\"><a href=\"https:\/\/www.christiani.de\/cms\/didacta_2026\/\"><span>Mehr lesen \u00a0<\/span><\/a><\/p><\/div><\/div><\/div><div class=\"fusion-clearfix\"><\/div><\/div>\n<\/article>\n<article id=\"blog-1-post-41963\" class=\"fusion-post-grid post-41963 post type-post status-publish format-standard has-post-thumbnail hentry category-allgemein\">\n<div class=\"fusion-post-wrapper\" style=\"background-color:rgba(255,255,255,0);border:none;\"><div class=\"fusion-post-content-wrapper\" style=\"padding:0 0 0 0;\"><div class=\"fusion-post-content post-content\"><h3 class=\"blog-shortcode-post-title entry-title\"><a href=\"https:\/\/www.christiani.de\/cms\/spannendes-von-christiani-fuer-den-mint-unterricht\/\">Spannendes von Christiani f\u00fcr den MINT-Unterricht<\/a><\/h3><div class=\"fusion-post-content-container\"><p> Spannendes von Christiani f\u00fcr den MINT-Unterricht   Lehrerinnen und Lehrer d\u00fcrfen sich in diesem Jahr besonders auf die didacta freuen.\u00a0Bei<a href=\"https:\/\/www.christiani.de\/cms\/spannendes-von-christiani-fuer-den-mint-unterricht\/\"><span class=\"c-676767\"> [...]<\/span><\/a><\/p><p class=\"arrow-links\"><a href=\"https:\/\/www.christiani.de\/cms\/spannendes-von-christiani-fuer-den-mint-unterricht\/\"><span>Mehr lesen \u00a0<\/span><\/a><\/p><\/div><\/div><\/div><div class=\"fusion-clearfix\"><\/div><\/div>\n<\/article>\n<article id=\"blog-1-post-41251\" class=\"fusion-post-grid post-41251 post type-post status-publish format-standard has-post-thumbnail hentry category-allgemein\">\n<div class=\"fusion-post-wrapper\" style=\"background-color:rgba(255,255,255,0);border:none;\"><div class=\"fusion-post-content-wrapper\" style=\"padding:0 0 0 0;\"><div class=\"fusion-post-content post-content\"><h3 class=\"blog-shortcode-post-title entry-title\"><a href=\"https:\/\/www.christiani.de\/cms\/bildungsaward-2025-26\/\">Bildungsaward 2025\/26<\/a><\/h3><div class=\"fusion-post-content-container\"><p> Ausgezeichnet! Christiani erh\u00e4lt den Deutschen Bildungs-Award 2025\/26       Das Christiani Lernportal C-LEARNING hat erst k\u00fcrzlich seinen d<a href=\"https:\/\/www.christiani.de\/cms\/bildungsaward-2025-26\/\"><span class=\"c-676767\"> [...]<\/span><\/a><\/p><p class=\"arrow-links\"><a href=\"https:\/\/www.christiani.de\/cms\/bildungsaward-2025-26\/\"><span>Mehr lesen \u00a0<\/span><\/a><\/p><\/div><\/div><\/div><div class=\"fusion-clearfix\"><\/div><\/div>\n<\/article>\n<div class=\"fusion-clearfix\"><\/div><\/div><\/div><\/div><\/div><\/div><\/div><\/p>\n","protected":false},"excerpt":{"rendered":"","protected":false},"author":2,"featured_media":4717,"comment_status":"open","ping_status":"open","sticky":false,"template":"","format":"standard","meta":{"footnotes":""},"categories":[1,7],"tags":[],"class_list":["post-4512","post","type-post","status-publish","format-standard","has-post-thumbnail","hentry","category-allgemein","category-schule"],"yoast_head":"<!-- This site is optimized with the Yoast SEO plugin v23.4 - https:\/\/yoast.com\/wordpress\/plugins\/seo\/ -->\n<title>Der perfekte Start ins neue Schuljahr | Christiani<\/title>\n<meta name=\"description\" content=\"Unterst\u00fctzung beim DigitalPakt und bei der Einrichtung eines MakerSpace erhalten Schulen von Christiani. Infomaterial hier als PDF zum Download.\" \/>\n<meta name=\"robots\" content=\"index, follow, max-snippet:-1, max-image-preview:large, max-video-preview:-1\" \/>\n<link rel=\"canonical\" href=\"https:\/\/www.christiani.de\/cms\/back-to-school-2020\/\" \/>\n<meta property=\"og:locale\" content=\"de_DE\" \/>\n<meta property=\"og:type\" content=\"article\" \/>\n<meta property=\"og:title\" content=\"Der perfekte Start ins neue Schuljahr | Christiani\" \/>\n<meta property=\"og:description\" content=\"Unterst\u00fctzung beim DigitalPakt und bei der Einrichtung eines MakerSpace erhalten Schulen von Christiani. Infomaterial hier als PDF zum Download.\" \/>\n<meta property=\"og:url\" content=\"https:\/\/www.christiani.de\/cms\/back-to-school-2020\/\" \/>\n<meta property=\"og:site_name\" content=\"Lehr- und Pr\u00fcfungsmaterial f\u00fcr Schule &amp; Ausbildung | Christiani.de\" \/>\n<meta property=\"article:published_time\" content=\"2020-08-25T14:51:19+00:00\" \/>\n<meta property=\"article:modified_time\" content=\"2024-02-16T13:01:04+00:00\" \/>\n<meta property=\"og:image\" content=\"https:\/\/www.christiani.de\/cms\/wp-content\/uploads\/2020\/07\/LE_SPIKE-Prime_Lifestyle_1HY19_45678_07-wp.jpg\" \/>\n\t<meta property=\"og:image:width\" content=\"800\" \/>\n\t<meta property=\"og:image:height\" content=\"509\" \/>\n\t<meta property=\"og:image:type\" content=\"image\/jpeg\" \/>\n<meta name=\"author\" content=\"Volker Fietz\" \/>\n<meta name=\"twitter:card\" content=\"summary_large_image\" \/>\n<meta name=\"twitter:label1\" content=\"Verfasst von\" \/>\n\t<meta name=\"twitter:data1\" content=\"Volker Fietz\" \/>\n\t<meta name=\"twitter:label2\" content=\"Gesch\u00e4tzte Lesezeit\" \/>\n\t<meta name=\"twitter:data2\" content=\"2 Minuten\" \/>\n<script type=\"application\/ld+json\" class=\"yoast-schema-graph\">{\"@context\":\"https:\/\/schema.org\",\"@graph\":[{\"@type\":\"WebPage\",\"@id\":\"https:\/\/www.christiani.de\/cms\/back-to-school-2020\/\",\"url\":\"https:\/\/www.christiani.de\/cms\/back-to-school-2020\/\",\"name\":\"Der perfekte Start ins neue Schuljahr | Christiani\",\"isPartOf\":{\"@id\":\"https:\/\/www.christiani.de\/cms\/#website\"},\"primaryImageOfPage\":{\"@id\":\"https:\/\/www.christiani.de\/cms\/back-to-school-2020\/#primaryimage\"},\"image\":{\"@id\":\"https:\/\/www.christiani.de\/cms\/back-to-school-2020\/#primaryimage\"},\"thumbnailUrl\":\"https:\/\/www.christiani.de\/cms\/wp-content\/uploads\/2020\/07\/LE_SPIKE-Prime_Lifestyle_1HY19_45678_07-wp.jpg\",\"datePublished\":\"2020-08-25T14:51:19+00:00\",\"dateModified\":\"2024-02-16T13:01:04+00:00\",\"author\":{\"@id\":\"https:\/\/www.christiani.de\/cms\/#\/schema\/person\/5f36f61a17072c4292963fd793187a84\"},\"description\":\"Unterst\u00fctzung beim DigitalPakt und bei der Einrichtung eines MakerSpace erhalten Schulen von Christiani. Infomaterial hier als PDF zum Download.\",\"breadcrumb\":{\"@id\":\"https:\/\/www.christiani.de\/cms\/back-to-school-2020\/#breadcrumb\"},\"inLanguage\":\"de-DE\",\"potentialAction\":[{\"@type\":\"ReadAction\",\"target\":[\"https:\/\/www.christiani.de\/cms\/back-to-school-2020\/\"]}]},{\"@type\":\"ImageObject\",\"inLanguage\":\"de-DE\",\"@id\":\"https:\/\/www.christiani.de\/cms\/back-to-school-2020\/#primaryimage\",\"url\":\"https:\/\/www.christiani.de\/cms\/wp-content\/uploads\/2020\/07\/LE_SPIKE-Prime_Lifestyle_1HY19_45678_07-wp.jpg\",\"contentUrl\":\"https:\/\/www.christiani.de\/cms\/wp-content\/uploads\/2020\/07\/LE_SPIKE-Prime_Lifestyle_1HY19_45678_07-wp.jpg\",\"width\":800,\"height\":509,\"caption\":\"Digitalisierung des Schulbetriebs und der Christiani MakerSpace\"},{\"@type\":\"BreadcrumbList\",\"@id\":\"https:\/\/www.christiani.de\/cms\/back-to-school-2020\/#breadcrumb\",\"itemListElement\":[{\"@type\":\"ListItem\",\"position\":1,\"name\":\"christiani.de\",\"item\":\"https:\/\/www.christiani.de\"},{\"@type\":\"ListItem\",\"position\":2,\"name\":\"Bildungsaward 2025\/26\"}]},{\"@type\":\"WebSite\",\"@id\":\"https:\/\/www.christiani.de\/cms\/#website\",\"url\":\"https:\/\/www.christiani.de\/cms\/\",\"name\":\"Lehr- und Pr\u00fcfungsmaterial f\u00fcr Schule &amp; Ausbildung | Christiani.de\",\"description\":\"Christiani.de\",\"potentialAction\":[{\"@type\":\"SearchAction\",\"target\":{\"@type\":\"EntryPoint\",\"urlTemplate\":\"https:\/\/www.christiani.de\/cms\/?s={search_term_string}\"},\"query-input\":{\"@type\":\"PropertyValueSpecification\",\"valueRequired\":true,\"valueName\":\"search_term_string\"}}],\"inLanguage\":\"de-DE\"},{\"@type\":\"Person\",\"@id\":\"https:\/\/www.christiani.de\/cms\/#\/schema\/person\/5f36f61a17072c4292963fd793187a84\",\"name\":\"Volker Fietz\",\"image\":{\"@type\":\"ImageObject\",\"inLanguage\":\"de-DE\",\"@id\":\"https:\/\/www.christiani.de\/cms\/#\/schema\/person\/image\/\",\"url\":\"https:\/\/secure.gravatar.com\/avatar\/745be4b4c69945c6f8ae2330e62f26fa?s=96&d=mm&r=g\",\"contentUrl\":\"https:\/\/secure.gravatar.com\/avatar\/745be4b4c69945c6f8ae2330e62f26fa?s=96&d=mm&r=g\",\"caption\":\"Volker Fietz\"},\"description\":\"Volker Fietz macht Presse- und \u00d6ffentlichkeitsarbeit bei Dr.-Ing Paul Christiani GmbH &amp; Co. KG\"}]}<\/script>\n<!-- \/ Yoast SEO plugin. -->","yoast_head_json":{"title":"Der perfekte Start ins neue Schuljahr | Christiani","description":"Unterst\u00fctzung beim DigitalPakt und bei der Einrichtung eines MakerSpace erhalten Schulen von Christiani. Infomaterial hier als PDF zum Download.","robots":{"index":"index","follow":"follow","max-snippet":"max-snippet:-1","max-image-preview":"max-image-preview:large","max-video-preview":"max-video-preview:-1"},"canonical":"https:\/\/www.christiani.de\/cms\/back-to-school-2020\/","og_locale":"de_DE","og_type":"article","og_title":"Der perfekte Start ins neue Schuljahr | Christiani","og_description":"Unterst\u00fctzung beim DigitalPakt und bei der Einrichtung eines MakerSpace erhalten Schulen von Christiani. Infomaterial hier als PDF zum Download.","og_url":"https:\/\/www.christiani.de\/cms\/back-to-school-2020\/","og_site_name":"Lehr- und Pr\u00fcfungsmaterial f\u00fcr Schule &amp; Ausbildung | Christiani.de","article_published_time":"2020-08-25T14:51:19+00:00","article_modified_time":"2024-02-16T13:01:04+00:00","og_image":[{"width":800,"height":509,"url":"https:\/\/www.christiani.de\/cms\/wp-content\/uploads\/2020\/07\/LE_SPIKE-Prime_Lifestyle_1HY19_45678_07-wp.jpg","type":"image\/jpeg"}],"author":"Volker Fietz","twitter_card":"summary_large_image","twitter_misc":{"Verfasst von":"Volker Fietz","Gesch\u00e4tzte Lesezeit":"2 Minuten"},"schema":{"@context":"https:\/\/schema.org","@graph":[{"@type":"WebPage","@id":"https:\/\/www.christiani.de\/cms\/back-to-school-2020\/","url":"https:\/\/www.christiani.de\/cms\/back-to-school-2020\/","name":"Der perfekte Start ins neue Schuljahr | Christiani","isPartOf":{"@id":"https:\/\/www.christiani.de\/cms\/#website"},"primaryImageOfPage":{"@id":"https:\/\/www.christiani.de\/cms\/back-to-school-2020\/#primaryimage"},"image":{"@id":"https:\/\/www.christiani.de\/cms\/back-to-school-2020\/#primaryimage"},"thumbnailUrl":"https:\/\/www.christiani.de\/cms\/wp-content\/uploads\/2020\/07\/LE_SPIKE-Prime_Lifestyle_1HY19_45678_07-wp.jpg","datePublished":"2020-08-25T14:51:19+00:00","dateModified":"2024-02-16T13:01:04+00:00","author":{"@id":"https:\/\/www.christiani.de\/cms\/#\/schema\/person\/5f36f61a17072c4292963fd793187a84"},"description":"Unterst\u00fctzung beim DigitalPakt und bei der Einrichtung eines MakerSpace erhalten Schulen von Christiani. Infomaterial hier als PDF zum Download.","breadcrumb":{"@id":"https:\/\/www.christiani.de\/cms\/back-to-school-2020\/#breadcrumb"},"inLanguage":"de-DE","potentialAction":[{"@type":"ReadAction","target":["https:\/\/www.christiani.de\/cms\/back-to-school-2020\/"]}]},{"@type":"ImageObject","inLanguage":"de-DE","@id":"https:\/\/www.christiani.de\/cms\/back-to-school-2020\/#primaryimage","url":"https:\/\/www.christiani.de\/cms\/wp-content\/uploads\/2020\/07\/LE_SPIKE-Prime_Lifestyle_1HY19_45678_07-wp.jpg","contentUrl":"https:\/\/www.christiani.de\/cms\/wp-content\/uploads\/2020\/07\/LE_SPIKE-Prime_Lifestyle_1HY19_45678_07-wp.jpg","width":800,"height":509,"caption":"Digitalisierung des Schulbetriebs und der Christiani MakerSpace"},{"@type":"BreadcrumbList","@id":"https:\/\/www.christiani.de\/cms\/back-to-school-2020\/#breadcrumb","itemListElement":[{"@type":"ListItem","position":1,"name":"christiani.de","item":"https:\/\/www.christiani.de"},{"@type":"ListItem","position":2,"name":"Bildungsaward 2025\/26"}]},{"@type":"WebSite","@id":"https:\/\/www.christiani.de\/cms\/#website","url":"https:\/\/www.christiani.de\/cms\/","name":"Lehr- und Pr\u00fcfungsmaterial f\u00fcr Schule &amp; Ausbildung | Christiani.de","description":"Christiani.de","potentialAction":[{"@type":"SearchAction","target":{"@type":"EntryPoint","urlTemplate":"https:\/\/www.christiani.de\/cms\/?s={search_term_string}"},"query-input":{"@type":"PropertyValueSpecification","valueRequired":true,"valueName":"search_term_string"}}],"inLanguage":"de-DE"},{"@type":"Person","@id":"https:\/\/www.christiani.de\/cms\/#\/schema\/person\/5f36f61a17072c4292963fd793187a84","name":"Volker Fietz","image":{"@type":"ImageObject","inLanguage":"de-DE","@id":"https:\/\/www.christiani.de\/cms\/#\/schema\/person\/image\/","url":"https:\/\/secure.gravatar.com\/avatar\/745be4b4c69945c6f8ae2330e62f26fa?s=96&d=mm&r=g","contentUrl":"https:\/\/secure.gravatar.com\/avatar\/745be4b4c69945c6f8ae2330e62f26fa?s=96&d=mm&r=g","caption":"Volker Fietz"},"description":"Volker Fietz macht Presse- und \u00d6ffentlichkeitsarbeit bei Dr.-Ing Paul Christiani GmbH &amp; Co. KG"}]}},"_links":{"self":[{"href":"https:\/\/www.christiani.de\/cms\/wp-json\/wp\/v2\/posts\/4512"}],"collection":[{"href":"https:\/\/www.christiani.de\/cms\/wp-json\/wp\/v2\/posts"}],"about":[{"href":"https:\/\/www.christiani.de\/cms\/wp-json\/wp\/v2\/types\/post"}],"author":[{"embeddable":true,"href":"https:\/\/www.christiani.de\/cms\/wp-json\/wp\/v2\/users\/2"}],"replies":[{"embeddable":true,"href":"https:\/\/www.christiani.de\/cms\/wp-json\/wp\/v2\/comments?post=4512"}],"version-history":[{"count":15,"href":"https:\/\/www.christiani.de\/cms\/wp-json\/wp\/v2\/posts\/4512\/revisions"}],"predecessor-version":[{"id":31839,"href":"https:\/\/www.christiani.de\/cms\/wp-json\/wp\/v2\/posts\/4512\/revisions\/31839"}],"wp:featuredmedia":[{"embeddable":true,"href":"https:\/\/www.christiani.de\/cms\/wp-json\/wp\/v2\/media\/4717"}],"wp:attachment":[{"href":"https:\/\/www.christiani.de\/cms\/wp-json\/wp\/v2\/media?parent=4512"}],"wp:term":[{"taxonomy":"category","embeddable":true,"href":"https:\/\/www.christiani.de\/cms\/wp-json\/wp\/v2\/categories?post=4512"},{"taxonomy":"post_tag","embeddable":true,"href":"https:\/\/www.christiani.de\/cms\/wp-json\/wp\/v2\/tags?post=4512"}],"curies":[{"name":"wp","href":"https:\/\/api.w.org\/{rel}","templated":true}]}}