{"id":3946,"date":"2019-08-03T07:29:09","date_gmt":"2019-08-03T05:29:09","guid":{"rendered":"https:\/\/www.christiani.de\/cms\/?p=3946"},"modified":"2024-02-16T15:05:18","modified_gmt":"2024-02-16T14:05:18","slug":"comenius-award-2017-fuer-empa","status":"publish","type":"post","link":"https:\/\/www.christiani.de\/cms\/comenius-award-2017-fuer-empa\/","title":{"rendered":"Comenius Award 2017 f\u00fcr EMPA"},"content":{"rendered":"<p><div class=\"fusion-fullwidth fullwidth-box fusion-builder-row-1 fusion-flex-container has-pattern-background has-mask-background gradient-container-1 nonhundred-percent-fullwidth non-hundred-percent-height-scrolling\" style=\"--awb-border-radius-top-left:0px;--awb-border-radius-top-right:0px;--awb-border-radius-bottom-right:0px;--awb-border-radius-bottom-left:0px;--awb-flex-wrap:wrap;\" ><div class=\"fusion-builder-row fusion-row fusion-flex-align-items-flex-start fusion-flex-content-wrap\" style=\"max-width:1263.6px;margin-left: calc(-4% \/ 2 );margin-right: calc(-4% \/ 2 );\"><div class=\"fusion-layout-column fusion_builder_column fusion-builder-column-0 fusion_builder_column_1_1 1_1 fusion-flex-column\" style=\"--awb-bg-size:cover;--awb-width-large:100%;--awb-margin-top-large:0px;--awb-spacing-right-large:1.92%;--awb-margin-bottom-large:20px;--awb-spacing-left-large:1.92%;--awb-width-medium:100%;--awb-order-medium:0;--awb-spacing-right-medium:1.92%;--awb-spacing-left-medium:1.92%;--awb-width-small:100%;--awb-order-small:0;--awb-spacing-right-small:1.92%;--awb-spacing-left-small:1.92%;\"><div class=\"fusion-column-wrapper fusion-column-has-shadow fusion-flex-justify-content-flex-start fusion-content-layout-column\"><div class=\"fusion-title title fusion-title-1 fusion-sep-none fusion-title-text fusion-title-size-one\"><h1 class=\"fusion-title-heading title-heading-left\" style=\"margin:0;text-transform:none;\"><strong>Comenius Award 2017 f\u00fcr EMPA<\/strong><\/h1><\/div><div class=\"fusion-separator\" style=\"align-self: flex-start;margin-right:auto;margin-bottom:25px;width:100%;max-width:120px;\"><div class=\"fusion-separator-border sep-single sep-solid\" style=\"--awb-height:20px;--awb-amount:20px;--awb-sep-color:#e20018;border-color:#e20018;border-top-width:2px;\"><\/div><\/div><\/div><\/div><\/div><\/div><div class=\"fusion-fullwidth fullwidth-box fusion-builder-row-2 fusion-flex-container gradient-container-2 nonhundred-percent-fullwidth non-hundred-percent-height-scrolling\" style=\"--awb-border-radius-top-left:0px;--awb-border-radius-top-right:0px;--awb-border-radius-bottom-right:0px;--awb-border-radius-bottom-left:0px;--awb-flex-wrap:wrap;\" ><div class=\"fusion-builder-row fusion-row fusion-flex-align-items-flex-start fusion-flex-content-wrap\" style=\"max-width:1263.6px;margin-left: calc(-4% \/ 2 );margin-right: calc(-4% \/ 2 );\"><div class=\"fusion-layout-column fusion_builder_column fusion-builder-column-1 fusion_builder_column_1_1 1_1 fusion-flex-column\" style=\"--awb-bg-size:cover;--awb-width-large:100%;--awb-margin-top-large:0px;--awb-spacing-right-large:1.92%;--awb-margin-bottom-large:0px;--awb-spacing-left-large:1.92%;--awb-width-medium:100%;--awb-spacing-right-medium:1.92%;--awb-spacing-left-medium:1.92%;--awb-width-small:100%;--awb-spacing-right-small:1.92%;--awb-spacing-left-small:1.92%;\"><div class=\"fusion-column-wrapper fusion-flex-justify-content-flex-start fusion-content-layout-column\"><div class=\"fusion-text fusion-text-1\"><p><img loading=\"lazy\" decoding=\"async\" class=\" wp-image-3947 alignleft\" src=\"https:\/\/www.christiani.de\/cms\/wp-content\/uploads\/2020\/06\/ComeniusEduMed_Siegel_2017.jpg\" alt=\"\" width=\"300\" height=\"300\" srcset=\"https:\/\/www.christiani.de\/cms\/wp-content\/uploads\/2020\/06\/ComeniusEduMed_Siegel_2017-66x66.jpg 66w, https:\/\/www.christiani.de\/cms\/wp-content\/uploads\/2020\/06\/ComeniusEduMed_Siegel_2017-150x150.jpg 150w, https:\/\/www.christiani.de\/cms\/wp-content\/uploads\/2020\/06\/ComeniusEduMed_Siegel_2017-200x200.jpg 200w, https:\/\/www.christiani.de\/cms\/wp-content\/uploads\/2020\/06\/ComeniusEduMed_Siegel_2017-300x300.jpg 300w, https:\/\/www.christiani.de\/cms\/wp-content\/uploads\/2020\/06\/ComeniusEduMed_Siegel_2017-400x400.jpg 400w, https:\/\/www.christiani.de\/cms\/wp-content\/uploads\/2020\/06\/ComeniusEduMed_Siegel_2017-500x500.jpg 500w, https:\/\/www.christiani.de\/cms\/wp-content\/uploads\/2020\/06\/ComeniusEduMed_Siegel_2017.jpg 600w\" sizes=\"(max-width: 300px) 100vw, 300px\" \/>Im Rahmen des Comenius Awards hat unser neues Bildungsangebot f\u00fcr Ausbilder\/-innen &#8222;Experte\/-in f\u00fcr Medienp\u00e4dagogik in der Ausbildung (EMPA)&#8220; das Comenius Siegel erhalten.<\/p>\n<p>&#8222;Digitale Bildungsmedien haben enormes Potential, Lernen und Lehren anders zu gestalten. Ihre volle Wirkung entfalten sie aber nur, wenn sie in ein didaktisch konzipiertes Lehr- und Lernkonzept eingebunden sind&#8220;, so der Vorsitzende der wissenschaftlichen Gesellschaft f\u00fcr P\u00e4dagogik, Information und Medien e. V. (GPI) Dr. Bernd Mikuszeit in seiner Er\u00f6ffnungsrede anl\u00e4sslich der 22. Auszeichnungsveranstaltung Comenius Award 2017 im Europ\u00e4ischen Haus in Berlin.<\/p>\n<p>Die GPI benennt ihren Bildungsmedienpreis nach\u00a0<strong>Johann Amos Comenius.<\/strong>\u00a0Dieser schrieb als erster eine Didaktik, die weit \u00fcber das seinerzeit \u00fcbliche hinaus wies. Mit seinem\u00a01638 erschienenen Werk &#8222;Gro\u00dfe Didaktik. Die vollst\u00e4ndige Kunst, alle Menschen alles zu lehren&#8220; verfolgte er\u00a0einen recht modernen Anspruch, n\u00e4mlich<\/p>\n<p><em>\u201eAlles soll wo immer m\u00f6glich den Sinnen vorgef\u00fchrt werden,\u00a0<\/em><em>was sichtbar dem Gesicht,\u00a0<\/em><em>was h\u00f6rbar dem Geh\u00f6r,\u00a0<\/em><em>was riechbar dem Geruch,\u00a0<\/em><em>was f\u00fchlbar dem Tastsinn.\u00a0<\/em><em>Und wenn etwas durch verschiedene Sinne gleichzeitig aufgenommen werden kann, soll es den verschiedenen zugleich vorgesetzt werden.\u00a0<\/em><em>Und weil die Sinne die treusten Sachverwalter des Ged\u00e4chtnisses sind, so wird diese Veranschaulichung der Dinge bewirken, da\u00df jeder das, was er wei\u00df, auch beh\u00e4lt.\u201c<\/em><\/p>\n<p>143 preisgekr\u00f6nten Produkten wurde hohe didaktische und mediale Qualit\u00e4t bescheinigt. Die besonders begehrte Edu-Media-Medaille wurde an 16 herausragende Medien vergeben. Ein Produkt, das sich ganz aktuell mit Luther besch\u00e4ftigt, wurde ebenso mit der Medaille ausgezeichnet wie innovative Lernmanagementsysteme, ein kompetenzf\u00f6rderndes Computerspiel, Sch\u00fclerhilfen oder ein Training f\u00fcr Topmanager, das kurzfristig, zeitgleich und weltweit erfolgen muss.<!--more--><\/p>\n<p><img loading=\"lazy\" decoding=\"async\" class=\"size-full wp-image-3935 alignleft\" src=\"https:\/\/www.christiani.de\/cms\/wp-content\/uploads\/2019\/08\/RZ_Logo_EMPA_459x250-300x163-1.jpg\" alt=\"\" width=\"300\" height=\"163\" \/>Mit dem Comenius Siegel wurde auch unser Internet basiertes Bildungsangebot &#8222;Experte\/-in f\u00fcr Medienp\u00e4dagogik in der Ausbildung (EMPA)&#8220; ausgezeichnet. Im Zeitraum November 2016 bis Juni 2017 erfuhren\u00a0\u00fcber 80 Ausbilderinnen und Ausbilder aus unterschiedlichen Berufen, wie sie mit Hilfe von\u00a0digitalen Medien ihre Ausbildungsprozesse optimieren und vereinfachen k\u00f6nnen.<\/p>\n<p>Schon\u00a0w\u00e4hrend des Kursverlaufs erprobten und erforschten sie den Einsatz von digitalen Medien in der Bearbeitung von vorhandenen Ausbildungsmaterialien, der Erstellung von Audio- und Videoaufnahmen oder gar die Organisation und Durchf\u00fchrung von Web basierten Lernarrangements. Auch der Einsatz von Blogs, Wikis und Chatprogrammen konnte ausprobiert und in den Ausbildungsalltag integriert werden.<\/p>\n<p>Dargeboten wurden die Lerninhalte auf der Plattform &#8222;<a href=\"http:\/\/www.mooin.oncampus.de\">mooin<\/a>&#8220; der Hochschule L\u00fcbeck. Uns war es wichtig, einen niederschwelligen und kurzweiligen Zugang zu den Themen Mediennutzung, Medienkommunikation, Medienrecht, Medienerstellung und Mediendidaktik zu bieten. Daher wurden die Textbeitr\u00e4ge kurz gehalten und mit Videos, Abbildungen und Animationen aufgewertet.<\/p>\n<p>Wer seine Aufgaben umsetzte, erhielt einen Badge in Form einer\u00a0kleinen Grafik, die sp\u00e4ter hinter dem eigenen Namen in der Teilnehmerliste erschien. Die besonders Flei\u00dfigen konnten so auch andere mit anspornen, das Lernpensum in Angriff zu nehmen und zu bew\u00e4ltigen.<\/p>\n<p><img loading=\"lazy\" decoding=\"async\" class=\" wp-image-3948 alignleft\" src=\"https:\/\/www.christiani.de\/cms\/wp-content\/uploads\/2020\/06\/comenius-award-christiani-blog.jpg\" alt=\"\" width=\"300\" height=\"225\" srcset=\"https:\/\/www.christiani.de\/cms\/wp-content\/uploads\/2020\/06\/comenius-award-christiani-blog-200x150.jpg 200w, https:\/\/www.christiani.de\/cms\/wp-content\/uploads\/2020\/06\/comenius-award-christiani-blog-300x225.jpg 300w, https:\/\/www.christiani.de\/cms\/wp-content\/uploads\/2020\/06\/comenius-award-christiani-blog-400x300.jpg 400w, https:\/\/www.christiani.de\/cms\/wp-content\/uploads\/2020\/06\/comenius-award-christiani-blog-600x450.jpg 600w, https:\/\/www.christiani.de\/cms\/wp-content\/uploads\/2020\/06\/comenius-award-christiani-blog-768x576.jpg 768w, https:\/\/www.christiani.de\/cms\/wp-content\/uploads\/2020\/06\/comenius-award-christiani-blog-800x600.jpg 800w, https:\/\/www.christiani.de\/cms\/wp-content\/uploads\/2020\/06\/comenius-award-christiani-blog-1024x768.jpg 1024w, https:\/\/www.christiani.de\/cms\/wp-content\/uploads\/2020\/06\/comenius-award-christiani-blog.jpg 1200w\" sizes=\"(max-width: 300px) 100vw, 300px\" \/>Die vielf\u00e4ltigen Projekte der Teilnehmenden zeigten, dass es uns mit unserem Kursangebot gelungen ist,\u00a0Zuschauer zu Mitspielern zu machen. Viele der Teilnehmenden hatten zum ersten Mal digitale Medien f\u00fcr ihre Ausbildung eingesetzt und wollen dies auch weiterhin umsetzen. Umso mehr freut es uns, dass wir dieses Kursangebot auch nach seiner Erprobungsphase im\u00a0BMBF gef\u00f6rdertes Projekt fortf\u00fchren werden. Das neue Kursangebot wird\u00a0Anfang Dezember 2017 starten und 5 Monate dauern. Wer am Ende die Aufgaben bearbeitet und ein Medienprojekt in der Ausbildung durchgef\u00fchrt hat, wird mit einem Zertifikat der Deutschen Berufsausbilder Akademie belohnt.<\/p>\n<p>Zufriedene Teilnehmerinnen und Teilnehmer und eine Anerkennung durch die Jury des Comenius Awards sind uns als Projektteam Anlass genug, stolz zu sein auf ein erfolgreiches Projektergebnis!<\/p>\n<\/div><\/div><\/div><\/div><\/div><div class=\"fusion-fullwidth fullwidth-box fusion-builder-row-3 fusion-flex-container has-pattern-background has-mask-background gradient-container-3 nonhundred-percent-fullwidth non-hundred-percent-height-scrolling\" style=\"--awb-border-radius-top-left:0px;--awb-border-radius-top-right:0px;--awb-border-radius-bottom-right:0px;--awb-border-radius-bottom-left:0px;--awb-margin-top:30px;--awb-flex-wrap:wrap;\" ><div class=\"fusion-builder-row fusion-row fusion-flex-align-items-flex-start fusion-flex-content-wrap\" style=\"max-width:1263.6px;margin-left: calc(-4% \/ 2 );margin-right: calc(-4% \/ 2 );\"><div class=\"fusion-layout-column fusion_builder_column fusion-builder-column-2 fusion_builder_column_1_1 1_1 fusion-flex-column\" style=\"--awb-bg-size:cover;--awb-width-large:100%;--awb-margin-top-large:0px;--awb-spacing-right-large:1.92%;--awb-margin-bottom-large:20px;--awb-spacing-left-large:1.92%;--awb-width-medium:100%;--awb-order-medium:0;--awb-spacing-right-medium:1.92%;--awb-spacing-left-medium:1.92%;--awb-width-small:100%;--awb-order-small:0;--awb-spacing-right-small:1.92%;--awb-spacing-left-small:1.92%;\"><div class=\"fusion-column-wrapper fusion-column-has-shadow fusion-flex-justify-content-flex-start fusion-content-layout-column\"><div class=\"fusion-separator fusion-full-width-sep\" style=\"align-self: center;margin-left: auto;margin-right: auto;margin-bottom:20px;width:100%;max-width:100%;\"><div class=\"fusion-separator-border sep-single sep-solid\" style=\"--awb-height:20px;--awb-amount:20px;--awb-sep-color:#676767;border-color:#676767;border-top-width:1px;\"><\/div><\/div><div class=\"fusion-title title fusion-title-2 fusion-sep-none fusion-title-text fusion-title-size-two\" style=\"--awb-margin-bottom:50px;--awb-font-size:32px;\"><h2 class=\"fusion-title-heading title-heading-left\" style=\"margin:0;font-size:1em;text-transform:none;\"><strong>\u00c4hnliche Beitr\u00e4ge<\/strong><\/h2><\/div><div class=\"fusion-blog-shortcode fusion-blog-shortcode-1 fusion-blog-archive fusion-blog-layout-grid-wrapper fusion-blog-no fusion-blog-no-images\" style=\"--awb-title-line-height:normal;\"><style type=\"text\/css\">.fusion-blog-shortcode-1 .fusion-blog-layout-grid .fusion-post-grid{padding:20px;}.fusion-blog-shortcode-1 .fusion-posts-container{margin-left: -20px !important; margin-right:-20px !important;}<\/style><div class=\"fusion-posts-container fusion-posts-container-no fusion-no-meta-info fusion-blog-layout-grid fusion-blog-layout-grid-3 isotope fusion-blog-equal-heights\" data-pages=\"51\" data-grid-col-space=\"40\" style=\"margin: -20px -20px 0;min-height:500px;\"><article id=\"blog-1-post-41904\" class=\"fusion-post-grid post-41904 post type-post status-publish format-standard has-post-thumbnail hentry category-allgemein\">\n<div class=\"fusion-post-wrapper\" style=\"background-color:rgba(255,255,255,0);border:none;\"><div class=\"fusion-post-content-wrapper\" style=\"padding:0 0 0 0;\"><div class=\"fusion-post-content post-content\"><h3 class=\"blog-shortcode-post-title entry-title\"><a href=\"https:\/\/www.christiani.de\/cms\/didacta_2026\/\">Christiani auf der didacta 2026<\/a><\/h3><div class=\"fusion-post-content-container\"><p> Highlights von Christiani auf der didacta 2026       Sehen wir uns in K\u00f6ln? In diesem Jahr pr\u00e4sentieren wir auf der didacta einige echte Hi<a href=\"https:\/\/www.christiani.de\/cms\/didacta_2026\/\"><span class=\"c-676767\"> [...]<\/span><\/a><\/p><p class=\"arrow-links\"><a href=\"https:\/\/www.christiani.de\/cms\/didacta_2026\/\"><span>Mehr lesen \u00a0<\/span><\/a><\/p><\/div><\/div><\/div><div class=\"fusion-clearfix\"><\/div><\/div>\n<\/article>\n<article id=\"blog-1-post-41963\" class=\"fusion-post-grid post-41963 post type-post status-publish format-standard has-post-thumbnail hentry category-allgemein\">\n<div class=\"fusion-post-wrapper\" style=\"background-color:rgba(255,255,255,0);border:none;\"><div class=\"fusion-post-content-wrapper\" style=\"padding:0 0 0 0;\"><div class=\"fusion-post-content post-content\"><h3 class=\"blog-shortcode-post-title entry-title\"><a href=\"https:\/\/www.christiani.de\/cms\/spannendes-von-christiani-fuer-den-mint-unterricht\/\">Spannendes von Christiani f\u00fcr den MINT-Unterricht<\/a><\/h3><div class=\"fusion-post-content-container\"><p> Spannendes von Christiani f\u00fcr den MINT-Unterricht   Lehrerinnen und Lehrer d\u00fcrfen sich in diesem Jahr besonders auf die didacta freuen.\u00a0Bei<a href=\"https:\/\/www.christiani.de\/cms\/spannendes-von-christiani-fuer-den-mint-unterricht\/\"><span class=\"c-676767\"> [...]<\/span><\/a><\/p><p class=\"arrow-links\"><a href=\"https:\/\/www.christiani.de\/cms\/spannendes-von-christiani-fuer-den-mint-unterricht\/\"><span>Mehr lesen \u00a0<\/span><\/a><\/p><\/div><\/div><\/div><div class=\"fusion-clearfix\"><\/div><\/div>\n<\/article>\n<article id=\"blog-1-post-41251\" class=\"fusion-post-grid post-41251 post type-post status-publish format-standard has-post-thumbnail hentry category-allgemein\">\n<div class=\"fusion-post-wrapper\" style=\"background-color:rgba(255,255,255,0);border:none;\"><div class=\"fusion-post-content-wrapper\" style=\"padding:0 0 0 0;\"><div class=\"fusion-post-content post-content\"><h3 class=\"blog-shortcode-post-title entry-title\"><a href=\"https:\/\/www.christiani.de\/cms\/bildungsaward-2025-26\/\">Bildungsaward 2025\/26<\/a><\/h3><div class=\"fusion-post-content-container\"><p> Ausgezeichnet! Christiani erh\u00e4lt den Deutschen Bildungs-Award 2025\/26       Das Christiani Lernportal C-LEARNING hat erst k\u00fcrzlich seinen d<a href=\"https:\/\/www.christiani.de\/cms\/bildungsaward-2025-26\/\"><span class=\"c-676767\"> [...]<\/span><\/a><\/p><p class=\"arrow-links\"><a href=\"https:\/\/www.christiani.de\/cms\/bildungsaward-2025-26\/\"><span>Mehr lesen \u00a0<\/span><\/a><\/p><\/div><\/div><\/div><div class=\"fusion-clearfix\"><\/div><\/div>\n<\/article>\n<div class=\"fusion-clearfix\"><\/div><\/div><\/div><\/div><\/div><\/div><\/div><\/p>\n","protected":false},"excerpt":{"rendered":"<p>Im Rahmen des Comenius Awards hat unser neues Bildungsangebot f\u00fcr Ausbilder\/-innen &#8222;Experte\/-in f\u00fcr Medienp\u00e4dagogik in der Ausbildung (EMPA)&#8220; das Comenius Siegel erhalten. &#8222;Digitale Bildungsmedien haben enormes Potential, Lernen und Lehren anders zu gestalten. Ihre volle Wirkung entfalten sie aber nur, wenn sie in ein didaktisch konzipiertes Lehr- und Lernkonzept eingebunden sind&#8220;, so der Vorsitzende der wissenschaftlichen Gesellschaft f\u00fcr P\u00e4dagogik, Information und Medien e. V. (GPI) Dr. Bernd Mikuszeit in seiner Er\u00f6ffnungsrede anl\u00e4sslich der 22. Auszeichnungsveranstaltung Comenius Award 2017 im Europ\u00e4ischen Haus in Berlin. Die GPI benennt ihren Bildungsmedienpreis nach\u00a0Johann Amos Comenius.\u00a0Dieser schrieb als erster eine Didaktik, die weit \u00fcber das seinerzeit \u00fcbliche hinaus wies. Mit seinem\u00a01638 erschienenen Werk &#8222;Gro\u00dfe Didaktik. Die vollst\u00e4ndige Kunst, alle Menschen alles zu lehren&#8220; verfolgte er\u00a0einen recht modernen Anspruch, n\u00e4mlich \u201eAlles soll wo immer m\u00f6glich den Sinnen vorgef\u00fchrt werden,\u00a0was sichtbar dem Gesicht,\u00a0was h\u00f6rbar dem Geh\u00f6r,\u00a0was riechbar dem Geruch,\u00a0was f\u00fchlbar dem Tastsinn.\u00a0Und wenn etwas durch verschiedene Sinne gleichzeitig aufgenommen werden kann, soll es den verschiedenen zugleich vorgesetzt [&hellip;]<\/p>\n","protected":false},"author":1,"featured_media":3948,"comment_status":"open","ping_status":"open","sticky":false,"template":"","format":"standard","meta":{"footnotes":""},"categories":[1],"tags":[],"class_list":["post-3946","post","type-post","status-publish","format-standard","has-post-thumbnail","hentry","category-allgemein"],"yoast_head":"<!-- This site is optimized with the Yoast SEO plugin v23.4 - https:\/\/yoast.com\/wordpress\/plugins\/seo\/ -->\n<title>Comenius Award 2017 f\u00fcr EMPA - Lehr- und Pr\u00fcfungsmaterial f\u00fcr Schule &amp; Ausbildung | Christiani.de<\/title>\n<meta name=\"description\" content=\"beim Comenius Award wurde das Bildungsangebot \u201eExperte\/-in f\u00fcr Medienp\u00e4dagogik in der Ausbildung (EMPA)\u201c mit dem Comenius-Siegel ausgezeichnet\" \/>\n<meta name=\"robots\" content=\"index, follow, max-snippet:-1, max-image-preview:large, max-video-preview:-1\" \/>\n<link rel=\"canonical\" href=\"https:\/\/www.christiani.de\/cms\/comenius-award-2017-fuer-empa\/\" \/>\n<meta property=\"og:locale\" content=\"de_DE\" \/>\n<meta property=\"og:type\" content=\"article\" \/>\n<meta property=\"og:title\" content=\"Comenius Award 2017 f\u00fcr EMPA - Lehr- und Pr\u00fcfungsmaterial f\u00fcr Schule &amp; Ausbildung | Christiani.de\" \/>\n<meta property=\"og:description\" content=\"beim Comenius Award wurde das Bildungsangebot \u201eExperte\/-in f\u00fcr Medienp\u00e4dagogik in der Ausbildung (EMPA)\u201c mit dem Comenius-Siegel ausgezeichnet\" \/>\n<meta property=\"og:url\" content=\"https:\/\/www.christiani.de\/cms\/comenius-award-2017-fuer-empa\/\" \/>\n<meta property=\"og:site_name\" content=\"Lehr- und Pr\u00fcfungsmaterial f\u00fcr Schule &amp; Ausbildung | Christiani.de\" \/>\n<meta property=\"article:published_time\" content=\"2019-08-03T05:29:09+00:00\" \/>\n<meta property=\"article:modified_time\" content=\"2024-02-16T14:05:18+00:00\" \/>\n<meta property=\"og:image\" content=\"https:\/\/www.christiani.de\/cms\/wp-content\/uploads\/2020\/06\/comenius-award-christiani-blog.jpg\" \/>\n\t<meta property=\"og:image:width\" content=\"1200\" \/>\n\t<meta property=\"og:image:height\" content=\"900\" \/>\n\t<meta property=\"og:image:type\" content=\"image\/jpeg\" \/>\n<meta name=\"twitter:card\" content=\"summary_large_image\" \/>\n<meta name=\"twitter:label1\" content=\"Verfasst von\" \/>\n\t<meta name=\"twitter:data1\" content=\"\" \/>\n\t<meta name=\"twitter:label2\" content=\"Gesch\u00e4tzte Lesezeit\" \/>\n\t<meta name=\"twitter:data2\" content=\"5 Minuten\" \/>\n<script type=\"application\/ld+json\" class=\"yoast-schema-graph\">{\"@context\":\"https:\/\/schema.org\",\"@graph\":[{\"@type\":\"WebPage\",\"@id\":\"https:\/\/www.christiani.de\/cms\/comenius-award-2017-fuer-empa\/\",\"url\":\"https:\/\/www.christiani.de\/cms\/comenius-award-2017-fuer-empa\/\",\"name\":\"Comenius Award 2017 f\u00fcr EMPA - Lehr- und Pr\u00fcfungsmaterial f\u00fcr Schule &amp; Ausbildung | Christiani.de\",\"isPartOf\":{\"@id\":\"https:\/\/www.christiani.de\/cms\/#website\"},\"primaryImageOfPage\":{\"@id\":\"https:\/\/www.christiani.de\/cms\/comenius-award-2017-fuer-empa\/#primaryimage\"},\"image\":{\"@id\":\"https:\/\/www.christiani.de\/cms\/comenius-award-2017-fuer-empa\/#primaryimage\"},\"thumbnailUrl\":\"https:\/\/www.christiani.de\/cms\/wp-content\/uploads\/2020\/06\/comenius-award-christiani-blog.jpg\",\"datePublished\":\"2019-08-03T05:29:09+00:00\",\"dateModified\":\"2024-02-16T14:05:18+00:00\",\"author\":{\"@id\":\"\"},\"description\":\"beim Comenius Award wurde das Bildungsangebot \u201eExperte\/-in f\u00fcr Medienp\u00e4dagogik in der Ausbildung (EMPA)\u201c mit dem Comenius-Siegel ausgezeichnet\",\"breadcrumb\":{\"@id\":\"https:\/\/www.christiani.de\/cms\/comenius-award-2017-fuer-empa\/#breadcrumb\"},\"inLanguage\":\"de-DE\",\"potentialAction\":[{\"@type\":\"ReadAction\",\"target\":[\"https:\/\/www.christiani.de\/cms\/comenius-award-2017-fuer-empa\/\"]}]},{\"@type\":\"ImageObject\",\"inLanguage\":\"de-DE\",\"@id\":\"https:\/\/www.christiani.de\/cms\/comenius-award-2017-fuer-empa\/#primaryimage\",\"url\":\"https:\/\/www.christiani.de\/cms\/wp-content\/uploads\/2020\/06\/comenius-award-christiani-blog.jpg\",\"contentUrl\":\"https:\/\/www.christiani.de\/cms\/wp-content\/uploads\/2020\/06\/comenius-award-christiani-blog.jpg\",\"width\":1200,\"height\":900},{\"@type\":\"BreadcrumbList\",\"@id\":\"https:\/\/www.christiani.de\/cms\/comenius-award-2017-fuer-empa\/#breadcrumb\",\"itemListElement\":[{\"@type\":\"ListItem\",\"position\":1,\"name\":\"christiani.de\",\"item\":\"https:\/\/www.christiani.de\"},{\"@type\":\"ListItem\",\"position\":2,\"name\":\"Bildungsaward 2025\/26\"}]},{\"@type\":\"WebSite\",\"@id\":\"https:\/\/www.christiani.de\/cms\/#website\",\"url\":\"https:\/\/www.christiani.de\/cms\/\",\"name\":\"Lehr- und Pr\u00fcfungsmaterial f\u00fcr Schule &amp; Ausbildung | Christiani.de\",\"description\":\"Christiani.de\",\"potentialAction\":[{\"@type\":\"SearchAction\",\"target\":{\"@type\":\"EntryPoint\",\"urlTemplate\":\"https:\/\/www.christiani.de\/cms\/?s={search_term_string}\"},\"query-input\":{\"@type\":\"PropertyValueSpecification\",\"valueRequired\":true,\"valueName\":\"search_term_string\"}}],\"inLanguage\":\"de-DE\"},{\"@type\":\"Person\",\"@id\":\"\"}]}<\/script>\n<!-- \/ Yoast SEO plugin. -->","yoast_head_json":{"title":"Comenius Award 2017 f\u00fcr EMPA - Lehr- und Pr\u00fcfungsmaterial f\u00fcr Schule &amp; Ausbildung | Christiani.de","description":"beim Comenius Award wurde das Bildungsangebot \u201eExperte\/-in f\u00fcr Medienp\u00e4dagogik in der Ausbildung (EMPA)\u201c mit dem Comenius-Siegel ausgezeichnet","robots":{"index":"index","follow":"follow","max-snippet":"max-snippet:-1","max-image-preview":"max-image-preview:large","max-video-preview":"max-video-preview:-1"},"canonical":"https:\/\/www.christiani.de\/cms\/comenius-award-2017-fuer-empa\/","og_locale":"de_DE","og_type":"article","og_title":"Comenius Award 2017 f\u00fcr EMPA - Lehr- und Pr\u00fcfungsmaterial f\u00fcr Schule &amp; Ausbildung | Christiani.de","og_description":"beim Comenius Award wurde das Bildungsangebot \u201eExperte\/-in f\u00fcr Medienp\u00e4dagogik in der Ausbildung (EMPA)\u201c mit dem Comenius-Siegel ausgezeichnet","og_url":"https:\/\/www.christiani.de\/cms\/comenius-award-2017-fuer-empa\/","og_site_name":"Lehr- und Pr\u00fcfungsmaterial f\u00fcr Schule &amp; Ausbildung | Christiani.de","article_published_time":"2019-08-03T05:29:09+00:00","article_modified_time":"2024-02-16T14:05:18+00:00","og_image":[{"width":1200,"height":900,"url":"https:\/\/www.christiani.de\/cms\/wp-content\/uploads\/2020\/06\/comenius-award-christiani-blog.jpg","type":"image\/jpeg"}],"twitter_card":"summary_large_image","twitter_misc":{"Verfasst von":"","Gesch\u00e4tzte Lesezeit":"5 Minuten"},"schema":{"@context":"https:\/\/schema.org","@graph":[{"@type":"WebPage","@id":"https:\/\/www.christiani.de\/cms\/comenius-award-2017-fuer-empa\/","url":"https:\/\/www.christiani.de\/cms\/comenius-award-2017-fuer-empa\/","name":"Comenius Award 2017 f\u00fcr EMPA - Lehr- und Pr\u00fcfungsmaterial f\u00fcr Schule &amp; Ausbildung | Christiani.de","isPartOf":{"@id":"https:\/\/www.christiani.de\/cms\/#website"},"primaryImageOfPage":{"@id":"https:\/\/www.christiani.de\/cms\/comenius-award-2017-fuer-empa\/#primaryimage"},"image":{"@id":"https:\/\/www.christiani.de\/cms\/comenius-award-2017-fuer-empa\/#primaryimage"},"thumbnailUrl":"https:\/\/www.christiani.de\/cms\/wp-content\/uploads\/2020\/06\/comenius-award-christiani-blog.jpg","datePublished":"2019-08-03T05:29:09+00:00","dateModified":"2024-02-16T14:05:18+00:00","author":{"@id":""},"description":"beim Comenius Award wurde das Bildungsangebot \u201eExperte\/-in f\u00fcr Medienp\u00e4dagogik in der Ausbildung (EMPA)\u201c mit dem Comenius-Siegel ausgezeichnet","breadcrumb":{"@id":"https:\/\/www.christiani.de\/cms\/comenius-award-2017-fuer-empa\/#breadcrumb"},"inLanguage":"de-DE","potentialAction":[{"@type":"ReadAction","target":["https:\/\/www.christiani.de\/cms\/comenius-award-2017-fuer-empa\/"]}]},{"@type":"ImageObject","inLanguage":"de-DE","@id":"https:\/\/www.christiani.de\/cms\/comenius-award-2017-fuer-empa\/#primaryimage","url":"https:\/\/www.christiani.de\/cms\/wp-content\/uploads\/2020\/06\/comenius-award-christiani-blog.jpg","contentUrl":"https:\/\/www.christiani.de\/cms\/wp-content\/uploads\/2020\/06\/comenius-award-christiani-blog.jpg","width":1200,"height":900},{"@type":"BreadcrumbList","@id":"https:\/\/www.christiani.de\/cms\/comenius-award-2017-fuer-empa\/#breadcrumb","itemListElement":[{"@type":"ListItem","position":1,"name":"christiani.de","item":"https:\/\/www.christiani.de"},{"@type":"ListItem","position":2,"name":"Bildungsaward 2025\/26"}]},{"@type":"WebSite","@id":"https:\/\/www.christiani.de\/cms\/#website","url":"https:\/\/www.christiani.de\/cms\/","name":"Lehr- und Pr\u00fcfungsmaterial f\u00fcr Schule &amp; Ausbildung | Christiani.de","description":"Christiani.de","potentialAction":[{"@type":"SearchAction","target":{"@type":"EntryPoint","urlTemplate":"https:\/\/www.christiani.de\/cms\/?s={search_term_string}"},"query-input":{"@type":"PropertyValueSpecification","valueRequired":true,"valueName":"search_term_string"}}],"inLanguage":"de-DE"},{"@type":"Person","@id":""}]}},"_links":{"self":[{"href":"https:\/\/www.christiani.de\/cms\/wp-json\/wp\/v2\/posts\/3946"}],"collection":[{"href":"https:\/\/www.christiani.de\/cms\/wp-json\/wp\/v2\/posts"}],"about":[{"href":"https:\/\/www.christiani.de\/cms\/wp-json\/wp\/v2\/types\/post"}],"author":[{"embeddable":true,"href":"https:\/\/www.christiani.de\/cms\/wp-json\/wp\/v2\/users\/1"}],"replies":[{"embeddable":true,"href":"https:\/\/www.christiani.de\/cms\/wp-json\/wp\/v2\/comments?post=3946"}],"version-history":[{"count":2,"href":"https:\/\/www.christiani.de\/cms\/wp-json\/wp\/v2\/posts\/3946\/revisions"}],"predecessor-version":[{"id":31900,"href":"https:\/\/www.christiani.de\/cms\/wp-json\/wp\/v2\/posts\/3946\/revisions\/31900"}],"wp:featuredmedia":[{"embeddable":true,"href":"https:\/\/www.christiani.de\/cms\/wp-json\/wp\/v2\/media\/3948"}],"wp:attachment":[{"href":"https:\/\/www.christiani.de\/cms\/wp-json\/wp\/v2\/media?parent=3946"}],"wp:term":[{"taxonomy":"category","embeddable":true,"href":"https:\/\/www.christiani.de\/cms\/wp-json\/wp\/v2\/categories?post=3946"},{"taxonomy":"post_tag","embeddable":true,"href":"https:\/\/www.christiani.de\/cms\/wp-json\/wp\/v2\/tags?post=3946"}],"curies":[{"name":"wp","href":"https:\/\/api.w.org\/{rel}","templated":true}]}}