{"id":23806,"date":"2022-08-29T09:11:18","date_gmt":"2022-08-29T07:11:18","guid":{"rendered":"https:\/\/www.christiani.de\/cms\/?p=23806"},"modified":"2024-02-16T10:09:38","modified_gmt":"2024-02-16T09:09:38","slug":"review-ausbildertag-rheine-2022","status":"publish","type":"post","link":"https:\/\/www.christiani.de\/cms\/review-ausbildertag-rheine-2022\/","title":{"rendered":"R\u00fcckblick Christiani Ausbildertag Rheine, August 2022"},"content":{"rendered":"<p><div class=\"fusion-fullwidth fullwidth-box fusion-builder-row-1 fusion-flex-container gradient-container-1 nonhundred-percent-fullwidth non-hundred-percent-height-scrolling\" style=\"--awb-border-radius-top-left:0px;--awb-border-radius-top-right:0px;--awb-border-radius-bottom-right:0px;--awb-border-radius-bottom-left:0px;--awb-flex-wrap:wrap;\" ><div class=\"fusion-builder-row fusion-row fusion-flex-align-items-flex-start fusion-flex-content-wrap\" style=\"max-width:1263.6px;margin-left: calc(-4% \/ 2 );margin-right: calc(-4% \/ 2 );\"><div class=\"fusion-layout-column fusion_builder_column fusion-builder-column-0 fusion_builder_column_1_1 1_1 fusion-flex-column\" style=\"--awb-bg-size:cover;--awb-width-large:100%;--awb-margin-top-large:0px;--awb-spacing-right-large:1.92%;--awb-margin-bottom-large:0px;--awb-spacing-left-large:1.92%;--awb-width-medium:100%;--awb-spacing-right-medium:1.92%;--awb-spacing-left-medium:1.92%;--awb-width-small:100%;--awb-spacing-right-small:1.92%;--awb-spacing-left-small:1.92%;\"><div class=\"fusion-column-wrapper fusion-flex-justify-content-flex-start fusion-content-layout-column\"><div class=\"fusion-text fusion-text-1\" style=\"--awb-text-transform:none;\"><h2>Bilder und Eindr\u00fccke vom Christiani Ausbildertag in Rheine 2022<\/h2>\n<\/div><div class=\"elegant-empty-space space-vertical fusion-clearfix \" style=\"height:30px;\"><\/div><\/div><\/div><\/div><\/div><div class=\"fusion-fullwidth fullwidth-box fusion-builder-row-2 fusion-flex-container gradient-container-2 nonhundred-percent-fullwidth non-hundred-percent-height-scrolling\" style=\"--awb-border-radius-top-left:0px;--awb-border-radius-top-right:0px;--awb-border-radius-bottom-right:0px;--awb-border-radius-bottom-left:0px;--awb-flex-wrap:wrap;\" ><div class=\"fusion-builder-row fusion-row fusion-flex-align-items-flex-start fusion-flex-content-wrap\" style=\"max-width:1263.6px;margin-left: calc(-4% \/ 2 );margin-right: calc(-4% \/ 2 );\"><div class=\"fusion-layout-column fusion_builder_column fusion-builder-column-1 fusion_builder_column_1_1 1_1 fusion-flex-column\" style=\"--awb-bg-size:cover;--awb-width-large:100%;--awb-margin-top-large:0px;--awb-spacing-right-large:1.92%;--awb-margin-bottom-large:0px;--awb-spacing-left-large:1.92%;--awb-width-medium:100%;--awb-spacing-right-medium:1.92%;--awb-spacing-left-medium:1.92%;--awb-width-small:100%;--awb-spacing-right-small:1.92%;--awb-spacing-left-small:1.92%;\"><div class=\"fusion-column-wrapper fusion-flex-justify-content-flex-start fusion-content-layout-column\"><div class=\"fusion-text fusion-text-2\" style=\"--awb-text-transform:none;\"><p>Das war der Christiani Ausbildertag in Rheine. Zwei Tage gef\u00fcllt mit neuen Entwicklungen, frischen Impulsen und intensivem Austausch rund um die technische Aus- und Weiterbildung. In vier unterschiedlichen Workshops haben sich Ausbilder\/-innen mit je einem Thema besch\u00e4ftigt.<\/p>\n<\/div><\/div><\/div><\/div><\/div><div class=\"fusion-fullwidth fullwidth-box fusion-builder-row-3 fusion-flex-container gradient-container-3 nonhundred-percent-fullwidth non-hundred-percent-height-scrolling\" style=\"--awb-border-radius-top-left:0px;--awb-border-radius-top-right:0px;--awb-border-radius-bottom-right:0px;--awb-border-radius-bottom-left:0px;--awb-flex-wrap:wrap;\" ><div class=\"fusion-builder-row fusion-row fusion-flex-align-items-flex-start fusion-flex-content-wrap\" style=\"max-width:1263.6px;margin-left: calc(-4% \/ 2 );margin-right: calc(-4% \/ 2 );\"><div class=\"fusion-layout-column fusion_builder_column fusion-builder-column-2 fusion_builder_column_2_3 2_3 fusion-flex-column\" style=\"--awb-bg-size:cover;--awb-width-large:66.666666666667%;--awb-margin-top-large:0px;--awb-spacing-right-large:2.88%;--awb-margin-bottom-large:20px;--awb-spacing-left-large:2.88%;--awb-width-medium:100%;--awb-order-medium:0;--awb-spacing-right-medium:1.92%;--awb-spacing-left-medium:1.92%;--awb-width-small:100%;--awb-order-small:0;--awb-spacing-right-small:1.92%;--awb-spacing-left-small:1.92%;\"><div class=\"fusion-column-wrapper fusion-column-has-shadow fusion-flex-justify-content-flex-start fusion-content-layout-column\"><div class=\"fusion-text fusion-text-3\" style=\"--awb-text-transform:none;\"><h3>Die virtuelle Lernwelt im 21. Jahrhundert<\/h3>\n<\/div><div class=\"fusion-text fusion-text-4\" style=\"--awb-margin-top:20px;\"><p>Im Workshop <em>Virtuelle Lernwelten<\/em> wurde es konkret: Wie l\u00e4sst sich Virtual Reality (VR) in verschiedenen Phasen der Ausbildung sinnvoll einsetzen? Die Teilnehmenden konnten eigene Erfahrungen im virtuellen Raum machen und C-LAB, den Multiuserraum von Christiani vor Ort testen.<\/p>\n<\/div><\/div><\/div><div class=\"fusion-layout-column fusion_builder_column fusion-builder-column-3 fusion_builder_column_1_3 1_3 fusion-flex-column\" style=\"--awb-bg-size:cover;--awb-width-large:33.333333333333%;--awb-margin-top-large:0px;--awb-spacing-right-large:5.76%;--awb-margin-bottom-large:20px;--awb-spacing-left-large:5.76%;--awb-width-medium:100%;--awb-order-medium:0;--awb-spacing-right-medium:1.92%;--awb-spacing-left-medium:1.92%;--awb-width-small:100%;--awb-order-small:0;--awb-spacing-right-small:1.92%;--awb-spacing-left-small:1.92%;\"><div class=\"fusion-column-wrapper fusion-column-has-shadow fusion-flex-justify-content-flex-start fusion-content-layout-column\"><div class=\"fusion-image-element \" style=\"--awb-caption-title-font-family:var(--h2_typography-font-family);--awb-caption-title-font-weight:var(--h2_typography-font-weight);--awb-caption-title-font-style:var(--h2_typography-font-style);--awb-caption-title-size:var(--h2_typography-font-size);--awb-caption-title-transform:var(--h2_typography-text-transform);--awb-caption-title-line-height:var(--h2_typography-line-height);--awb-caption-title-letter-spacing:var(--h2_typography-letter-spacing);\"><span class=\" fusion-imageframe imageframe-none imageframe-1 hover-type-none\"><img loading=\"lazy\" decoding=\"async\" width=\"2100\" height=\"1397\" title=\"_DSC8429\" src=\"https:\/\/www.christiani.de\/cms\/wp-content\/uploads\/2022\/08\/DSC8429.jpg\" alt class=\"img-responsive wp-image-23818\" srcset=\"https:\/\/www.christiani.de\/cms\/wp-content\/uploads\/2022\/08\/DSC8429-200x133.jpg 200w, https:\/\/www.christiani.de\/cms\/wp-content\/uploads\/2022\/08\/DSC8429-400x266.jpg 400w, https:\/\/www.christiani.de\/cms\/wp-content\/uploads\/2022\/08\/DSC8429-600x399.jpg 600w, https:\/\/www.christiani.de\/cms\/wp-content\/uploads\/2022\/08\/DSC8429-800x532.jpg 800w, https:\/\/www.christiani.de\/cms\/wp-content\/uploads\/2022\/08\/DSC8429-1200x798.jpg 1200w, https:\/\/www.christiani.de\/cms\/wp-content\/uploads\/2022\/08\/DSC8429.jpg 2100w\" sizes=\"(max-width: 1024px) 100vw, (max-width: 640px) 100vw, 400px\" \/><\/span><\/div><\/div><\/div><\/div><\/div><div class=\"fusion-fullwidth fullwidth-box fusion-builder-row-4 fusion-flex-container gradient-container-4 nonhundred-percent-fullwidth non-hundred-percent-height-scrolling\" style=\"--awb-border-radius-top-left:0px;--awb-border-radius-top-right:0px;--awb-border-radius-bottom-right:0px;--awb-border-radius-bottom-left:0px;--awb-flex-wrap:wrap;\" ><div class=\"fusion-builder-row fusion-row fusion-flex-align-items-flex-start fusion-flex-content-wrap\" style=\"max-width:1263.6px;margin-left: calc(-4% \/ 2 );margin-right: calc(-4% \/ 2 );\"><div class=\"fusion-layout-column fusion_builder_column fusion-builder-column-4 fusion_builder_column_1_3 1_3 fusion-flex-column\" style=\"--awb-bg-size:cover;--awb-width-large:33.333333333333%;--awb-margin-top-large:0px;--awb-spacing-right-large:5.76%;--awb-margin-bottom-large:20px;--awb-spacing-left-large:5.76%;--awb-width-medium:100%;--awb-order-medium:0;--awb-spacing-right-medium:1.92%;--awb-spacing-left-medium:1.92%;--awb-width-small:100%;--awb-order-small:0;--awb-spacing-right-small:1.92%;--awb-spacing-left-small:1.92%;\"><div class=\"fusion-column-wrapper fusion-column-has-shadow fusion-flex-justify-content-flex-start fusion-content-layout-column\"><div class=\"fusion-image-element \" style=\"--awb-caption-title-font-family:var(--h2_typography-font-family);--awb-caption-title-font-weight:var(--h2_typography-font-weight);--awb-caption-title-font-style:var(--h2_typography-font-style);--awb-caption-title-size:var(--h2_typography-font-size);--awb-caption-title-transform:var(--h2_typography-text-transform);--awb-caption-title-line-height:var(--h2_typography-line-height);--awb-caption-title-letter-spacing:var(--h2_typography-letter-spacing);\"><span class=\" fusion-imageframe imageframe-none imageframe-2 hover-type-none\"><img loading=\"lazy\" decoding=\"async\" width=\"2100\" height=\"1400\" title=\"_DSC0438\" src=\"https:\/\/www.christiani.de\/cms\/wp-content\/uploads\/2022\/08\/DSC0438.jpg\" alt class=\"img-responsive wp-image-23811\" srcset=\"https:\/\/www.christiani.de\/cms\/wp-content\/uploads\/2022\/08\/DSC0438-200x133.jpg 200w, https:\/\/www.christiani.de\/cms\/wp-content\/uploads\/2022\/08\/DSC0438-400x267.jpg 400w, https:\/\/www.christiani.de\/cms\/wp-content\/uploads\/2022\/08\/DSC0438-600x400.jpg 600w, https:\/\/www.christiani.de\/cms\/wp-content\/uploads\/2022\/08\/DSC0438-800x533.jpg 800w, https:\/\/www.christiani.de\/cms\/wp-content\/uploads\/2022\/08\/DSC0438-1200x800.jpg 1200w, https:\/\/www.christiani.de\/cms\/wp-content\/uploads\/2022\/08\/DSC0438.jpg 2100w\" sizes=\"(max-width: 1024px) 100vw, (max-width: 640px) 100vw, 400px\" \/><\/span><\/div><\/div><\/div><div class=\"fusion-layout-column fusion_builder_column fusion-builder-column-5 fusion_builder_column_2_3 2_3 fusion-flex-column\" style=\"--awb-bg-size:cover;--awb-width-large:66.666666666667%;--awb-margin-top-large:0px;--awb-spacing-right-large:2.88%;--awb-margin-bottom-large:20px;--awb-spacing-left-large:2.88%;--awb-width-medium:100%;--awb-order-medium:0;--awb-spacing-right-medium:1.92%;--awb-spacing-left-medium:1.92%;--awb-width-small:100%;--awb-order-small:0;--awb-spacing-right-small:1.92%;--awb-spacing-left-small:1.92%;\"><div class=\"fusion-column-wrapper fusion-column-has-shadow fusion-flex-justify-content-flex-start fusion-content-layout-column\"><div class=\"fusion-text fusion-text-5\" style=\"--awb-text-transform:none;\"><h3>Digital begeistern mit virtuellen Maschinen<\/h3>\n<\/div><div class=\"fusion-text fusion-text-6\" style=\"--awb-margin-top:20px;\"><p>Im Workshop <em>Digital begeistern<\/em> <em>mit virtuellen Maschinen<\/em> erfuhren die Teilnehmenden, wie die CNC-Ausbildung der Zukunft konkret aussieht. Mit dem sogenannten digitalen Zwilling l\u00e4sst sich eine CNC-Maschine virtuell einrichten und steuern \u2013 inklusive aller Geometrien, Werkzeuge, Vorrichtungen und der verwendeten Steuerung. Beeindruckt waren die Besucher\/-innen von der M\u00f6glichkeit, die virtuelle Programmierung 1:1 an der Maschine zu in der Realit\u00e4t zu verwirklichen.<\/p>\n<\/div><\/div><\/div><\/div><\/div><div class=\"fusion-fullwidth fullwidth-box fusion-builder-row-5 fusion-flex-container gradient-container-5 nonhundred-percent-fullwidth non-hundred-percent-height-scrolling\" style=\"--awb-border-radius-top-left:0px;--awb-border-radius-top-right:0px;--awb-border-radius-bottom-right:0px;--awb-border-radius-bottom-left:0px;--awb-flex-wrap:wrap;\" ><div class=\"fusion-builder-row fusion-row fusion-flex-align-items-flex-start fusion-flex-content-wrap\" style=\"max-width:1263.6px;margin-left: calc(-4% \/ 2 );margin-right: calc(-4% \/ 2 );\"><div class=\"fusion-layout-column fusion_builder_column fusion-builder-column-6 fusion_builder_column_2_3 2_3 fusion-flex-column\" style=\"--awb-bg-size:cover;--awb-width-large:66.666666666667%;--awb-margin-top-large:0px;--awb-spacing-right-large:2.88%;--awb-margin-bottom-large:20px;--awb-spacing-left-large:2.88%;--awb-width-medium:100%;--awb-order-medium:0;--awb-spacing-right-medium:1.92%;--awb-spacing-left-medium:1.92%;--awb-width-small:100%;--awb-order-small:0;--awb-spacing-right-small:1.92%;--awb-spacing-left-small:1.92%;\"><div class=\"fusion-column-wrapper fusion-column-has-shadow fusion-flex-justify-content-flex-start fusion-content-layout-column\"><div class=\"fusion-text fusion-text-7\" style=\"--awb-text-transform:none;\"><h3>Die Ausbildung in den Metall- und Elektro-Berufen auf Fahrt bringen \u2013 aber wie?<\/h3>\n<\/div><div class=\"fusion-text fusion-text-8\" style=\"--awb-margin-top:20px;\"><p>Dr. Gert Zinke vom BiBB ging in seinem Workshop der Frage nach, wie sich die Ausbildung in den Metall- und Elektro-Berufen auf Fahrt bringen l\u00e4sst. Dazu entwickelte sich ein reger Austausch, vor allem zum Thema, wie die Ausbildung den heutigen Anforderungen wie Digitalisierung, Industrie 4.0 und Fachkr\u00e4ftesicherung gerecht werden kann.<\/p>\n<\/div><\/div><\/div><div class=\"fusion-layout-column fusion_builder_column fusion-builder-column-7 fusion_builder_column_1_3 1_3 fusion-flex-column\" style=\"--awb-bg-size:cover;--awb-width-large:33.333333333333%;--awb-margin-top-large:0px;--awb-spacing-right-large:5.76%;--awb-margin-bottom-large:20px;--awb-spacing-left-large:5.76%;--awb-width-medium:100%;--awb-order-medium:0;--awb-spacing-right-medium:1.92%;--awb-spacing-left-medium:1.92%;--awb-width-small:100%;--awb-order-small:0;--awb-spacing-right-small:1.92%;--awb-spacing-left-small:1.92%;\"><div class=\"fusion-column-wrapper fusion-column-has-shadow fusion-flex-justify-content-flex-start fusion-content-layout-column\"><div class=\"fusion-image-element \" style=\"--awb-caption-title-font-family:var(--h2_typography-font-family);--awb-caption-title-font-weight:var(--h2_typography-font-weight);--awb-caption-title-font-style:var(--h2_typography-font-style);--awb-caption-title-size:var(--h2_typography-font-size);--awb-caption-title-transform:var(--h2_typography-text-transform);--awb-caption-title-line-height:var(--h2_typography-line-height);--awb-caption-title-letter-spacing:var(--h2_typography-letter-spacing);\"><span class=\" fusion-imageframe imageframe-none imageframe-3 hover-type-none\"><img loading=\"lazy\" decoding=\"async\" width=\"2100\" height=\"1397\" title=\"_DSC8252\" src=\"https:\/\/www.christiani.de\/cms\/wp-content\/uploads\/2022\/08\/DSC8252.jpg\" alt class=\"img-responsive wp-image-23822\" srcset=\"https:\/\/www.christiani.de\/cms\/wp-content\/uploads\/2022\/08\/DSC8252-200x133.jpg 200w, https:\/\/www.christiani.de\/cms\/wp-content\/uploads\/2022\/08\/DSC8252-400x266.jpg 400w, https:\/\/www.christiani.de\/cms\/wp-content\/uploads\/2022\/08\/DSC8252-600x399.jpg 600w, https:\/\/www.christiani.de\/cms\/wp-content\/uploads\/2022\/08\/DSC8252-800x532.jpg 800w, https:\/\/www.christiani.de\/cms\/wp-content\/uploads\/2022\/08\/DSC8252-1200x798.jpg 1200w, https:\/\/www.christiani.de\/cms\/wp-content\/uploads\/2022\/08\/DSC8252.jpg 2100w\" sizes=\"(max-width: 1024px) 100vw, (max-width: 640px) 100vw, 400px\" \/><\/span><\/div><\/div><\/div><\/div><\/div><div class=\"fusion-fullwidth fullwidth-box fusion-builder-row-6 fusion-flex-container gradient-container-6 nonhundred-percent-fullwidth non-hundred-percent-height-scrolling\" style=\"--awb-border-radius-top-left:0px;--awb-border-radius-top-right:0px;--awb-border-radius-bottom-right:0px;--awb-border-radius-bottom-left:0px;--awb-flex-wrap:wrap;\" ><div class=\"fusion-builder-row fusion-row fusion-flex-align-items-flex-start fusion-flex-content-wrap\" style=\"max-width:1263.6px;margin-left: calc(-4% \/ 2 );margin-right: calc(-4% \/ 2 );\"><div class=\"fusion-layout-column fusion_builder_column fusion-builder-column-8 fusion_builder_column_1_3 1_3 fusion-flex-column\" style=\"--awb-bg-size:cover;--awb-width-large:33.333333333333%;--awb-margin-top-large:0px;--awb-spacing-right-large:5.76%;--awb-margin-bottom-large:20px;--awb-spacing-left-large:5.76%;--awb-width-medium:100%;--awb-order-medium:0;--awb-spacing-right-medium:1.92%;--awb-spacing-left-medium:1.92%;--awb-width-small:100%;--awb-order-small:0;--awb-spacing-right-small:1.92%;--awb-spacing-left-small:1.92%;\"><div class=\"fusion-column-wrapper fusion-column-has-shadow fusion-flex-justify-content-flex-start fusion-content-layout-column\"><div class=\"fusion-image-element \" style=\"--awb-caption-title-font-family:var(--h2_typography-font-family);--awb-caption-title-font-weight:var(--h2_typography-font-weight);--awb-caption-title-font-style:var(--h2_typography-font-style);--awb-caption-title-size:var(--h2_typography-font-size);--awb-caption-title-transform:var(--h2_typography-text-transform);--awb-caption-title-line-height:var(--h2_typography-line-height);--awb-caption-title-letter-spacing:var(--h2_typography-letter-spacing);\"><span class=\" fusion-imageframe imageframe-none imageframe-4 hover-type-none\"><img loading=\"lazy\" decoding=\"async\" width=\"2100\" height=\"1400\" title=\"_DSC0475\" src=\"https:\/\/www.christiani.de\/cms\/wp-content\/uploads\/2022\/08\/DSC0475.jpg\" alt class=\"img-responsive wp-image-23810\" srcset=\"https:\/\/www.christiani.de\/cms\/wp-content\/uploads\/2022\/08\/DSC0475-200x133.jpg 200w, https:\/\/www.christiani.de\/cms\/wp-content\/uploads\/2022\/08\/DSC0475-400x267.jpg 400w, https:\/\/www.christiani.de\/cms\/wp-content\/uploads\/2022\/08\/DSC0475-600x400.jpg 600w, https:\/\/www.christiani.de\/cms\/wp-content\/uploads\/2022\/08\/DSC0475-800x533.jpg 800w, https:\/\/www.christiani.de\/cms\/wp-content\/uploads\/2022\/08\/DSC0475-1200x800.jpg 1200w, https:\/\/www.christiani.de\/cms\/wp-content\/uploads\/2022\/08\/DSC0475.jpg 2100w\" sizes=\"(max-width: 1024px) 100vw, (max-width: 640px) 100vw, 400px\" \/><\/span><\/div><\/div><\/div><div class=\"fusion-layout-column fusion_builder_column fusion-builder-column-9 fusion_builder_column_2_3 2_3 fusion-flex-column\" style=\"--awb-bg-size:cover;--awb-width-large:66.666666666667%;--awb-margin-top-large:0px;--awb-spacing-right-large:2.88%;--awb-margin-bottom-large:20px;--awb-spacing-left-large:2.88%;--awb-width-medium:100%;--awb-order-medium:0;--awb-spacing-right-medium:1.92%;--awb-spacing-left-medium:1.92%;--awb-width-small:100%;--awb-order-small:0;--awb-spacing-right-small:1.92%;--awb-spacing-left-small:1.92%;\"><div class=\"fusion-column-wrapper fusion-column-has-shadow fusion-flex-justify-content-flex-start fusion-content-layout-column\"><div class=\"fusion-text fusion-text-9\" style=\"--awb-text-transform:none;\"><h3>MakerSpace, neue Lernr\u00e4ume f\u00fcr Schule und Ausbildung<\/h3>\n<\/div><div class=\"fusion-text fusion-text-10\" style=\"--awb-margin-top:20px;\"><p>Lernr\u00e4ume der Zukunft standen im Fokus bei dem Workshop zum MakerSpace. Das MakerSpace bezeichnet einen flexibel gestaltbaren Lernerlebnisraum f\u00fcr die Aus- und Weiterbildung sowie f\u00fcr Schulen. Insbesondere zur Kompetenzfeststellung eignet sich das MakerSpace, aber auch f\u00fcr Teambildung, kollaboratives Arbeiten und die F\u00f6rderung von Kreativit\u00e4t, Probleml\u00f6sung und Ideenfindung.<\/p>\n<p>Auf dem Ausbildertag konnten sich die Teilnehmenden am Workshop von der gelungenen Kombination digitaler und analoger Tools im MakerSpace real \u00fcberzeugen.<\/p>\n<\/div><\/div><\/div><\/div><\/div><div class=\"fusion-fullwidth fullwidth-box fusion-builder-row-7 fusion-flex-container gradient-container-7 nonhundred-percent-fullwidth non-hundred-percent-height-scrolling\" style=\"--awb-border-radius-top-left:0px;--awb-border-radius-top-right:0px;--awb-border-radius-bottom-right:0px;--awb-border-radius-bottom-left:0px;--awb-flex-wrap:wrap;\" ><div class=\"fusion-builder-row fusion-row fusion-flex-align-items-flex-start fusion-flex-content-wrap\" style=\"max-width:1263.6px;margin-left: calc(-4% \/ 2 );margin-right: calc(-4% \/ 2 );\"><div class=\"fusion-layout-column fusion_builder_column fusion-builder-column-10 fusion_builder_column_2_3 2_3 fusion-flex-column\" style=\"--awb-bg-size:cover;--awb-width-large:66.666666666667%;--awb-margin-top-large:0px;--awb-spacing-right-large:3.84%;--awb-margin-bottom-large:0px;--awb-spacing-left-large:2.88%;--awb-width-medium:100%;--awb-spacing-right-medium:1.92%;--awb-spacing-left-medium:1.92%;--awb-width-small:100%;--awb-spacing-right-small:1.92%;--awb-spacing-left-small:1.92%;\"><div class=\"fusion-column-wrapper fusion-flex-justify-content-flex-start fusion-content-layout-column\"><div class=\"fusion-text fusion-text-11\" style=\"--awb-text-transform:none;\"><p>Der zweite Teil des Christiani Ausbildertages ist traditionell einem Schwerpunkt-Thema rund um die Aus- und Weiterbildung gewidmet. In ihrem Impulsvortrag <em>Wertsch\u00f6pfung durch Wertsch\u00e4tzung<\/em> zeigte Magdalena M\u00fcnstermann auf, wie man junge Menschen f\u00fcr eine Ausbildung begeistern und binden kann. Nach dem Vortrag wurde kontrovers diskutiert. Auf dem Podium waren mit Harald D\u00fcster, Gesellschafter der FindMe! FM GmbH, Thomas Reiter vom Kuratorium der Deutschen Wirtschaft f\u00fcr Berufsbildung und Stefan Nowatschin vom Bundesverband der Lehrkr\u00e4fte f\u00fcr Berufsbildung e. V., drei kompetente Vertreter der Ausbildung pr\u00e4sent.<\/p>\n<\/div><\/div><\/div><div class=\"fusion-layout-column fusion_builder_column fusion-builder-column-11 fusion_builder_column_1_3 1_3 fusion-flex-column\" style=\"--awb-bg-size:cover;--awb-width-large:33.333333333333%;--awb-margin-top-large:0px;--awb-spacing-right-large:5.76%;--awb-margin-bottom-large:20px;--awb-spacing-left-large:5.76%;--awb-width-medium:100%;--awb-order-medium:0;--awb-spacing-right-medium:1.92%;--awb-spacing-left-medium:1.92%;--awb-width-small:100%;--awb-order-small:0;--awb-spacing-right-small:1.92%;--awb-spacing-left-small:1.92%;\"><div class=\"fusion-column-wrapper fusion-column-has-shadow fusion-flex-justify-content-flex-start fusion-content-layout-column\"><div class=\"fusion-image-element \" style=\"--awb-caption-title-font-family:var(--h2_typography-font-family);--awb-caption-title-font-weight:var(--h2_typography-font-weight);--awb-caption-title-font-style:var(--h2_typography-font-style);--awb-caption-title-size:var(--h2_typography-font-size);--awb-caption-title-transform:var(--h2_typography-text-transform);--awb-caption-title-line-height:var(--h2_typography-line-height);--awb-caption-title-letter-spacing:var(--h2_typography-letter-spacing);\"><span class=\" fusion-imageframe imageframe-none imageframe-5 hover-type-none\"><img loading=\"lazy\" decoding=\"async\" width=\"2560\" height=\"1703\" title=\"_DSC8657\" src=\"https:\/\/www.christiani.de\/cms\/wp-content\/uploads\/2022\/08\/DSC8657-scaled.jpg\" alt class=\"img-responsive wp-image-23855\" srcset=\"https:\/\/www.christiani.de\/cms\/wp-content\/uploads\/2022\/08\/DSC8657-200x133.jpg 200w, https:\/\/www.christiani.de\/cms\/wp-content\/uploads\/2022\/08\/DSC8657-400x266.jpg 400w, https:\/\/www.christiani.de\/cms\/wp-content\/uploads\/2022\/08\/DSC8657-600x399.jpg 600w, https:\/\/www.christiani.de\/cms\/wp-content\/uploads\/2022\/08\/DSC8657-800x532.jpg 800w, https:\/\/www.christiani.de\/cms\/wp-content\/uploads\/2022\/08\/DSC8657-1200x798.jpg 1200w, https:\/\/www.christiani.de\/cms\/wp-content\/uploads\/2022\/08\/DSC8657-scaled.jpg 2560w\" sizes=\"(max-width: 1024px) 100vw, (max-width: 640px) 100vw, 400px\" \/><\/span><\/div><\/div><\/div><\/div><\/div><div class=\"fusion-fullwidth fullwidth-box fusion-builder-row-8 fusion-flex-container gradient-container-8 nonhundred-percent-fullwidth non-hundred-percent-height-scrolling\" style=\"--awb-border-radius-top-left:0px;--awb-border-radius-top-right:0px;--awb-border-radius-bottom-right:0px;--awb-border-radius-bottom-left:0px;--awb-flex-wrap:wrap;\" ><div class=\"fusion-builder-row fusion-row fusion-flex-align-items-flex-start fusion-flex-content-wrap\" style=\"max-width:1263.6px;margin-left: calc(-4% \/ 2 );margin-right: calc(-4% \/ 2 );\"><div class=\"fusion-layout-column fusion_builder_column fusion-builder-column-12 fusion_builder_column_1_3 1_3 fusion-flex-column\" style=\"--awb-bg-size:cover;--awb-width-large:33.333333333333%;--awb-margin-top-large:0px;--awb-spacing-right-large:5.76%;--awb-margin-bottom-large:20px;--awb-spacing-left-large:5.76%;--awb-width-medium:100%;--awb-order-medium:0;--awb-spacing-right-medium:1.92%;--awb-spacing-left-medium:1.92%;--awb-width-small:100%;--awb-order-small:0;--awb-spacing-right-small:1.92%;--awb-spacing-left-small:1.92%;\"><div class=\"fusion-column-wrapper fusion-column-has-shadow fusion-flex-justify-content-flex-start fusion-content-layout-column\"><div class=\"fusion-image-element \" style=\"--awb-caption-title-font-family:var(--h2_typography-font-family);--awb-caption-title-font-weight:var(--h2_typography-font-weight);--awb-caption-title-font-style:var(--h2_typography-font-style);--awb-caption-title-size:var(--h2_typography-font-size);--awb-caption-title-transform:var(--h2_typography-text-transform);--awb-caption-title-line-height:var(--h2_typography-line-height);--awb-caption-title-letter-spacing:var(--h2_typography-letter-spacing);\"><span class=\" fusion-imageframe imageframe-none imageframe-6 hover-type-none\"><img loading=\"lazy\" decoding=\"async\" width=\"2100\" height=\"1397\" title=\"_DSC8307\" src=\"https:\/\/www.christiani.de\/cms\/wp-content\/uploads\/2022\/08\/DSC8307.jpg\" alt class=\"img-responsive wp-image-23859\" srcset=\"https:\/\/www.christiani.de\/cms\/wp-content\/uploads\/2022\/08\/DSC8307-200x133.jpg 200w, https:\/\/www.christiani.de\/cms\/wp-content\/uploads\/2022\/08\/DSC8307-400x266.jpg 400w, https:\/\/www.christiani.de\/cms\/wp-content\/uploads\/2022\/08\/DSC8307-600x399.jpg 600w, https:\/\/www.christiani.de\/cms\/wp-content\/uploads\/2022\/08\/DSC8307-800x532.jpg 800w, https:\/\/www.christiani.de\/cms\/wp-content\/uploads\/2022\/08\/DSC8307-1200x798.jpg 1200w, https:\/\/www.christiani.de\/cms\/wp-content\/uploads\/2022\/08\/DSC8307.jpg 2100w\" sizes=\"(max-width: 1024px) 100vw, (max-width: 640px) 100vw, 400px\" \/><\/span><\/div><\/div><\/div><div class=\"fusion-layout-column fusion_builder_column fusion-builder-column-13 fusion_builder_column_2_3 2_3 fusion-flex-column\" style=\"--awb-bg-size:cover;--awb-width-large:66.666666666667%;--awb-margin-top-large:0px;--awb-spacing-right-large:3.84%;--awb-margin-bottom-large:0px;--awb-spacing-left-large:2.88%;--awb-width-medium:100%;--awb-spacing-right-medium:1.92%;--awb-spacing-left-medium:1.92%;--awb-width-small:100%;--awb-spacing-right-small:1.92%;--awb-spacing-left-small:1.92%;\"><div class=\"fusion-column-wrapper fusion-flex-justify-content-flex-start fusion-content-layout-column\"><div class=\"fusion-text fusion-text-12\" style=\"--awb-text-transform:none;\"><p>Die Teilnehmenden am Ausbildertag in Rheine zeigten sich in den einzelnen Workshops und auch bei der Podiumsdiskussion sehr interessiert und engagiert. Das gemeinsame Abendessen mit Live-Musik bot Gelegenheit sich weiter auszutauschen und das Netzwerk zu erweitern.<\/p>\n<p>Wir bedanken uns bei allen Beteiligten f\u00fcr das gro\u00dfe Interesse und den regen Austausch.<\/p>\n<p><strong>\u00a0<\/strong><\/p>\n<\/div><\/div><\/div><\/div><\/div><div class=\"fusion-fullwidth fullwidth-box fusion-builder-row-9 fusion-flex-container has-pattern-background has-mask-background gradient-container-9 nonhundred-percent-fullwidth non-hundred-percent-height-scrolling\" style=\"--awb-border-radius-top-left:0px;--awb-border-radius-top-right:0px;--awb-border-radius-bottom-right:0px;--awb-border-radius-bottom-left:0px;--awb-margin-top:30px;--awb-flex-wrap:wrap;\" ><div class=\"fusion-builder-row fusion-row fusion-flex-align-items-flex-start fusion-flex-content-wrap\" style=\"max-width:1263.6px;margin-left: calc(-4% \/ 2 );margin-right: calc(-4% \/ 2 );\"><div class=\"fusion-layout-column fusion_builder_column fusion-builder-column-14 fusion_builder_column_1_1 1_1 fusion-flex-column\" style=\"--awb-bg-size:cover;--awb-width-large:100%;--awb-margin-top-large:0px;--awb-spacing-right-large:1.92%;--awb-margin-bottom-large:20px;--awb-spacing-left-large:1.92%;--awb-width-medium:100%;--awb-order-medium:0;--awb-spacing-right-medium:1.92%;--awb-spacing-left-medium:1.92%;--awb-width-small:100%;--awb-order-small:0;--awb-spacing-right-small:1.92%;--awb-spacing-left-small:1.92%;\"><div class=\"fusion-column-wrapper fusion-column-has-shadow fusion-flex-justify-content-flex-start fusion-content-layout-column\"><div class=\"fusion-separator fusion-full-width-sep\" style=\"align-self: center;margin-left: auto;margin-right: auto;margin-bottom:20px;width:100%;max-width:100%;\"><div class=\"fusion-separator-border sep-single sep-solid\" style=\"--awb-height:20px;--awb-amount:20px;--awb-sep-color:#676767;border-color:#676767;border-top-width:1px;\"><\/div><\/div><div class=\"fusion-title title fusion-title-1 fusion-sep-none fusion-title-text fusion-title-size-two\" style=\"--awb-margin-bottom:50px;--awb-font-size:32px;\"><h2 class=\"fusion-title-heading title-heading-left\" style=\"margin:0;font-size:1em;text-transform:none;\"><strong>\u00c4hnliche Beitr\u00e4ge<\/strong><\/h2><\/div><div class=\"fusion-blog-shortcode fusion-blog-shortcode-1 fusion-blog-archive fusion-blog-layout-grid-wrapper fusion-blog-no fusion-blog-no-images\" style=\"--awb-title-line-height:normal;\"><style type=\"text\/css\">.fusion-blog-shortcode-1 .fusion-blog-layout-grid .fusion-post-grid{padding:20px;}.fusion-blog-shortcode-1 .fusion-posts-container{margin-left: -20px !important; margin-right:-20px !important;}<\/style><div class=\"fusion-posts-container fusion-posts-container-no fusion-no-meta-info fusion-blog-layout-grid fusion-blog-layout-grid-3 isotope fusion-blog-equal-heights\" data-pages=\"52\" data-grid-col-space=\"40\" style=\"margin: -20px -20px 0;min-height:500px;\"><article id=\"blog-1-post-41904\" class=\"fusion-post-grid post-41904 post type-post status-publish format-standard has-post-thumbnail hentry category-allgemein\">\n<div class=\"fusion-post-wrapper\" style=\"background-color:rgba(255,255,255,0);border:none;\"><div class=\"fusion-post-content-wrapper\" style=\"padding:0 0 0 0;\"><div class=\"fusion-post-content post-content\"><h3 class=\"blog-shortcode-post-title entry-title\"><a href=\"https:\/\/www.christiani.de\/cms\/didacta_2026\/\">Christiani auf der didacta 2026<\/a><\/h3><div class=\"fusion-post-content-container\"><p> Highlights von Christiani auf der didacta 2026       Sehen wir uns in K\u00f6ln? In diesem Jahr pr\u00e4sentieren wir auf der didacta einige echte Hi<a href=\"https:\/\/www.christiani.de\/cms\/didacta_2026\/\"><span class=\"c-676767\"> [...]<\/span><\/a><\/p><p class=\"arrow-links\"><a href=\"https:\/\/www.christiani.de\/cms\/didacta_2026\/\"><span>Mehr lesen \u00a0<\/span><\/a><\/p><\/div><\/div><\/div><div class=\"fusion-clearfix\"><\/div><\/div>\n<\/article>\n<article id=\"blog-1-post-41963\" class=\"fusion-post-grid post-41963 post type-post status-publish format-standard has-post-thumbnail hentry category-allgemein\">\n<div class=\"fusion-post-wrapper\" style=\"background-color:rgba(255,255,255,0);border:none;\"><div class=\"fusion-post-content-wrapper\" style=\"padding:0 0 0 0;\"><div class=\"fusion-post-content post-content\"><h3 class=\"blog-shortcode-post-title entry-title\"><a href=\"https:\/\/www.christiani.de\/cms\/spannendes-von-christiani-fuer-den-mint-unterricht\/\">Spannendes von Christiani f\u00fcr den MINT-Unterricht<\/a><\/h3><div class=\"fusion-post-content-container\"><p> Spannendes von Christiani f\u00fcr den MINT-Unterricht   Lehrerinnen und Lehrer d\u00fcrfen sich in diesem Jahr besonders auf die didacta freuen.\u00a0Bei<a href=\"https:\/\/www.christiani.de\/cms\/spannendes-von-christiani-fuer-den-mint-unterricht\/\"><span class=\"c-676767\"> [...]<\/span><\/a><\/p><p class=\"arrow-links\"><a href=\"https:\/\/www.christiani.de\/cms\/spannendes-von-christiani-fuer-den-mint-unterricht\/\"><span>Mehr lesen \u00a0<\/span><\/a><\/p><\/div><\/div><\/div><div class=\"fusion-clearfix\"><\/div><\/div>\n<\/article>\n<article id=\"blog-1-post-41251\" class=\"fusion-post-grid post-41251 post type-post status-publish format-standard has-post-thumbnail hentry category-allgemein\">\n<div class=\"fusion-post-wrapper\" style=\"background-color:rgba(255,255,255,0);border:none;\"><div class=\"fusion-post-content-wrapper\" style=\"padding:0 0 0 0;\"><div class=\"fusion-post-content post-content\"><h3 class=\"blog-shortcode-post-title entry-title\"><a href=\"https:\/\/www.christiani.de\/cms\/bildungsaward-2025-26\/\">Bildungsaward 2025\/26<\/a><\/h3><div class=\"fusion-post-content-container\"><p> Ausgezeichnet! Christiani erh\u00e4lt den Deutschen Bildungs-Award 2025\/26       Das Christiani Lernportal C-LEARNING hat erst k\u00fcrzlich seinen d<a href=\"https:\/\/www.christiani.de\/cms\/bildungsaward-2025-26\/\"><span class=\"c-676767\"> [...]<\/span><\/a><\/p><p class=\"arrow-links\"><a href=\"https:\/\/www.christiani.de\/cms\/bildungsaward-2025-26\/\"><span>Mehr lesen \u00a0<\/span><\/a><\/p><\/div><\/div><\/div><div class=\"fusion-clearfix\"><\/div><\/div>\n<\/article>\n<div class=\"fusion-clearfix\"><\/div><\/div><\/div><\/div><\/div><\/div><\/div><\/p>\n","protected":false},"excerpt":{"rendered":"","protected":false},"author":2,"featured_media":23808,"comment_status":"open","ping_status":"open","sticky":false,"template":"","format":"standard","meta":{"footnotes":""},"categories":[1,8],"tags":[],"class_list":["post-23806","post","type-post","status-publish","format-standard","has-post-thumbnail","hentry","category-allgemein","category-ausbildung"],"yoast_head":"<!-- This site is optimized with the Yoast SEO plugin v23.4 - https:\/\/yoast.com\/wordpress\/plugins\/seo\/ -->\n<title>Christiani Ausbildertag Rheine, 25.-26. August 2022 | Christiani<\/title>\n<meta name=\"description\" content=\"Bilder und Eindr\u00fccke vom Christiani Ausbildertag mit rund 80 Teilnehmenden im Christiani Kompetenzzentrum Rheine.\" \/>\n<meta name=\"robots\" content=\"index, follow, max-snippet:-1, max-image-preview:large, max-video-preview:-1\" \/>\n<link rel=\"canonical\" href=\"https:\/\/www.christiani.de\/cms\/review-ausbildertag-rheine-2022\/\" \/>\n<meta property=\"og:locale\" content=\"de_DE\" \/>\n<meta property=\"og:type\" content=\"article\" \/>\n<meta property=\"og:title\" content=\"Christiani Ausbildertag Rheine, 25.-26. August 2022 | Christiani\" \/>\n<meta property=\"og:description\" content=\"Bilder und Eindr\u00fccke vom Christiani Ausbildertag mit rund 80 Teilnehmenden im Christiani Kompetenzzentrum Rheine.\" \/>\n<meta property=\"og:url\" content=\"https:\/\/www.christiani.de\/cms\/review-ausbildertag-rheine-2022\/\" \/>\n<meta property=\"og:site_name\" content=\"Lehr- und Pr\u00fcfungsmaterial f\u00fcr Schule &amp; Ausbildung | Christiani.de\" \/>\n<meta property=\"article:published_time\" content=\"2022-08-29T07:11:18+00:00\" \/>\n<meta property=\"article:modified_time\" content=\"2024-02-16T09:09:38+00:00\" \/>\n<meta property=\"og:image\" content=\"https:\/\/www.christiani.de\/cms\/wp-content\/uploads\/2022\/08\/DSC0335.jpg\" \/>\n\t<meta property=\"og:image:width\" content=\"2100\" \/>\n\t<meta property=\"og:image:height\" content=\"1400\" \/>\n\t<meta property=\"og:image:type\" content=\"image\/jpeg\" \/>\n<meta name=\"author\" content=\"Volker Fietz\" \/>\n<meta name=\"twitter:card\" content=\"summary_large_image\" \/>\n<meta name=\"twitter:label1\" content=\"Verfasst von\" \/>\n\t<meta name=\"twitter:data1\" content=\"Volker Fietz\" \/>\n\t<meta name=\"twitter:label2\" content=\"Gesch\u00e4tzte Lesezeit\" \/>\n\t<meta name=\"twitter:data2\" content=\"5 Minuten\" \/>\n<script type=\"application\/ld+json\" class=\"yoast-schema-graph\">{\"@context\":\"https:\/\/schema.org\",\"@graph\":[{\"@type\":\"WebPage\",\"@id\":\"https:\/\/www.christiani.de\/cms\/review-ausbildertag-rheine-2022\/\",\"url\":\"https:\/\/www.christiani.de\/cms\/review-ausbildertag-rheine-2022\/\",\"name\":\"Christiani Ausbildertag Rheine, 25.-26. August 2022 | Christiani\",\"isPartOf\":{\"@id\":\"https:\/\/www.christiani.de\/cms\/#website\"},\"primaryImageOfPage\":{\"@id\":\"https:\/\/www.christiani.de\/cms\/review-ausbildertag-rheine-2022\/#primaryimage\"},\"image\":{\"@id\":\"https:\/\/www.christiani.de\/cms\/review-ausbildertag-rheine-2022\/#primaryimage\"},\"thumbnailUrl\":\"https:\/\/www.christiani.de\/cms\/wp-content\/uploads\/2022\/08\/DSC0335.jpg\",\"datePublished\":\"2022-08-29T07:11:18+00:00\",\"dateModified\":\"2024-02-16T09:09:38+00:00\",\"author\":{\"@id\":\"https:\/\/www.christiani.de\/cms\/#\/schema\/person\/5f36f61a17072c4292963fd793187a84\"},\"description\":\"Bilder und Eindr\u00fccke vom Christiani Ausbildertag mit rund 80 Teilnehmenden im Christiani Kompetenzzentrum Rheine.\",\"breadcrumb\":{\"@id\":\"https:\/\/www.christiani.de\/cms\/review-ausbildertag-rheine-2022\/#breadcrumb\"},\"inLanguage\":\"de-DE\",\"potentialAction\":[{\"@type\":\"ReadAction\",\"target\":[\"https:\/\/www.christiani.de\/cms\/review-ausbildertag-rheine-2022\/\"]}]},{\"@type\":\"ImageObject\",\"inLanguage\":\"de-DE\",\"@id\":\"https:\/\/www.christiani.de\/cms\/review-ausbildertag-rheine-2022\/#primaryimage\",\"url\":\"https:\/\/www.christiani.de\/cms\/wp-content\/uploads\/2022\/08\/DSC0335.jpg\",\"contentUrl\":\"https:\/\/www.christiani.de\/cms\/wp-content\/uploads\/2022\/08\/DSC0335.jpg\",\"width\":2100,\"height\":1400},{\"@type\":\"BreadcrumbList\",\"@id\":\"https:\/\/www.christiani.de\/cms\/review-ausbildertag-rheine-2022\/#breadcrumb\",\"itemListElement\":[{\"@type\":\"ListItem\",\"position\":1,\"name\":\"christiani.de\",\"item\":\"https:\/\/www.christiani.de\"},{\"@type\":\"ListItem\",\"position\":2,\"name\":\"Bildungsaward 2025\/26\"}]},{\"@type\":\"WebSite\",\"@id\":\"https:\/\/www.christiani.de\/cms\/#website\",\"url\":\"https:\/\/www.christiani.de\/cms\/\",\"name\":\"Lehr- und Pr\u00fcfungsmaterial f\u00fcr Schule &amp; Ausbildung | Christiani.de\",\"description\":\"Christiani.de\",\"potentialAction\":[{\"@type\":\"SearchAction\",\"target\":{\"@type\":\"EntryPoint\",\"urlTemplate\":\"https:\/\/www.christiani.de\/cms\/?s={search_term_string}\"},\"query-input\":{\"@type\":\"PropertyValueSpecification\",\"valueRequired\":true,\"valueName\":\"search_term_string\"}}],\"inLanguage\":\"de-DE\"},{\"@type\":\"Person\",\"@id\":\"https:\/\/www.christiani.de\/cms\/#\/schema\/person\/5f36f61a17072c4292963fd793187a84\",\"name\":\"Volker Fietz\",\"image\":{\"@type\":\"ImageObject\",\"inLanguage\":\"de-DE\",\"@id\":\"https:\/\/www.christiani.de\/cms\/#\/schema\/person\/image\/\",\"url\":\"https:\/\/secure.gravatar.com\/avatar\/745be4b4c69945c6f8ae2330e62f26fa?s=96&d=mm&r=g\",\"contentUrl\":\"https:\/\/secure.gravatar.com\/avatar\/745be4b4c69945c6f8ae2330e62f26fa?s=96&d=mm&r=g\",\"caption\":\"Volker Fietz\"},\"description\":\"Volker Fietz macht Presse- und \u00d6ffentlichkeitsarbeit bei Dr.-Ing Paul Christiani GmbH &amp; Co. KG\"}]}<\/script>\n<!-- \/ Yoast SEO plugin. -->","yoast_head_json":{"title":"Christiani Ausbildertag Rheine, 25.-26. August 2022 | Christiani","description":"Bilder und Eindr\u00fccke vom Christiani Ausbildertag mit rund 80 Teilnehmenden im Christiani Kompetenzzentrum Rheine.","robots":{"index":"index","follow":"follow","max-snippet":"max-snippet:-1","max-image-preview":"max-image-preview:large","max-video-preview":"max-video-preview:-1"},"canonical":"https:\/\/www.christiani.de\/cms\/review-ausbildertag-rheine-2022\/","og_locale":"de_DE","og_type":"article","og_title":"Christiani Ausbildertag Rheine, 25.-26. August 2022 | Christiani","og_description":"Bilder und Eindr\u00fccke vom Christiani Ausbildertag mit rund 80 Teilnehmenden im Christiani Kompetenzzentrum Rheine.","og_url":"https:\/\/www.christiani.de\/cms\/review-ausbildertag-rheine-2022\/","og_site_name":"Lehr- und Pr\u00fcfungsmaterial f\u00fcr Schule &amp; Ausbildung | Christiani.de","article_published_time":"2022-08-29T07:11:18+00:00","article_modified_time":"2024-02-16T09:09:38+00:00","og_image":[{"width":2100,"height":1400,"url":"https:\/\/www.christiani.de\/cms\/wp-content\/uploads\/2022\/08\/DSC0335.jpg","type":"image\/jpeg"}],"author":"Volker Fietz","twitter_card":"summary_large_image","twitter_misc":{"Verfasst von":"Volker Fietz","Gesch\u00e4tzte Lesezeit":"5 Minuten"},"schema":{"@context":"https:\/\/schema.org","@graph":[{"@type":"WebPage","@id":"https:\/\/www.christiani.de\/cms\/review-ausbildertag-rheine-2022\/","url":"https:\/\/www.christiani.de\/cms\/review-ausbildertag-rheine-2022\/","name":"Christiani Ausbildertag Rheine, 25.-26. August 2022 | Christiani","isPartOf":{"@id":"https:\/\/www.christiani.de\/cms\/#website"},"primaryImageOfPage":{"@id":"https:\/\/www.christiani.de\/cms\/review-ausbildertag-rheine-2022\/#primaryimage"},"image":{"@id":"https:\/\/www.christiani.de\/cms\/review-ausbildertag-rheine-2022\/#primaryimage"},"thumbnailUrl":"https:\/\/www.christiani.de\/cms\/wp-content\/uploads\/2022\/08\/DSC0335.jpg","datePublished":"2022-08-29T07:11:18+00:00","dateModified":"2024-02-16T09:09:38+00:00","author":{"@id":"https:\/\/www.christiani.de\/cms\/#\/schema\/person\/5f36f61a17072c4292963fd793187a84"},"description":"Bilder und Eindr\u00fccke vom Christiani Ausbildertag mit rund 80 Teilnehmenden im Christiani Kompetenzzentrum Rheine.","breadcrumb":{"@id":"https:\/\/www.christiani.de\/cms\/review-ausbildertag-rheine-2022\/#breadcrumb"},"inLanguage":"de-DE","potentialAction":[{"@type":"ReadAction","target":["https:\/\/www.christiani.de\/cms\/review-ausbildertag-rheine-2022\/"]}]},{"@type":"ImageObject","inLanguage":"de-DE","@id":"https:\/\/www.christiani.de\/cms\/review-ausbildertag-rheine-2022\/#primaryimage","url":"https:\/\/www.christiani.de\/cms\/wp-content\/uploads\/2022\/08\/DSC0335.jpg","contentUrl":"https:\/\/www.christiani.de\/cms\/wp-content\/uploads\/2022\/08\/DSC0335.jpg","width":2100,"height":1400},{"@type":"BreadcrumbList","@id":"https:\/\/www.christiani.de\/cms\/review-ausbildertag-rheine-2022\/#breadcrumb","itemListElement":[{"@type":"ListItem","position":1,"name":"christiani.de","item":"https:\/\/www.christiani.de"},{"@type":"ListItem","position":2,"name":"Bildungsaward 2025\/26"}]},{"@type":"WebSite","@id":"https:\/\/www.christiani.de\/cms\/#website","url":"https:\/\/www.christiani.de\/cms\/","name":"Lehr- und Pr\u00fcfungsmaterial f\u00fcr Schule &amp; Ausbildung | Christiani.de","description":"Christiani.de","potentialAction":[{"@type":"SearchAction","target":{"@type":"EntryPoint","urlTemplate":"https:\/\/www.christiani.de\/cms\/?s={search_term_string}"},"query-input":{"@type":"PropertyValueSpecification","valueRequired":true,"valueName":"search_term_string"}}],"inLanguage":"de-DE"},{"@type":"Person","@id":"https:\/\/www.christiani.de\/cms\/#\/schema\/person\/5f36f61a17072c4292963fd793187a84","name":"Volker Fietz","image":{"@type":"ImageObject","inLanguage":"de-DE","@id":"https:\/\/www.christiani.de\/cms\/#\/schema\/person\/image\/","url":"https:\/\/secure.gravatar.com\/avatar\/745be4b4c69945c6f8ae2330e62f26fa?s=96&d=mm&r=g","contentUrl":"https:\/\/secure.gravatar.com\/avatar\/745be4b4c69945c6f8ae2330e62f26fa?s=96&d=mm&r=g","caption":"Volker Fietz"},"description":"Volker Fietz macht Presse- und \u00d6ffentlichkeitsarbeit bei Dr.-Ing Paul Christiani GmbH &amp; Co. KG"}]}},"_links":{"self":[{"href":"https:\/\/www.christiani.de\/cms\/wp-json\/wp\/v2\/posts\/23806"}],"collection":[{"href":"https:\/\/www.christiani.de\/cms\/wp-json\/wp\/v2\/posts"}],"about":[{"href":"https:\/\/www.christiani.de\/cms\/wp-json\/wp\/v2\/types\/post"}],"author":[{"embeddable":true,"href":"https:\/\/www.christiani.de\/cms\/wp-json\/wp\/v2\/users\/2"}],"replies":[{"embeddable":true,"href":"https:\/\/www.christiani.de\/cms\/wp-json\/wp\/v2\/comments?post=23806"}],"version-history":[{"count":14,"href":"https:\/\/www.christiani.de\/cms\/wp-json\/wp\/v2\/posts\/23806\/revisions"}],"predecessor-version":[{"id":31769,"href":"https:\/\/www.christiani.de\/cms\/wp-json\/wp\/v2\/posts\/23806\/revisions\/31769"}],"wp:featuredmedia":[{"embeddable":true,"href":"https:\/\/www.christiani.de\/cms\/wp-json\/wp\/v2\/media\/23808"}],"wp:attachment":[{"href":"https:\/\/www.christiani.de\/cms\/wp-json\/wp\/v2\/media?parent=23806"}],"wp:term":[{"taxonomy":"category","embeddable":true,"href":"https:\/\/www.christiani.de\/cms\/wp-json\/wp\/v2\/categories?post=23806"},{"taxonomy":"post_tag","embeddable":true,"href":"https:\/\/www.christiani.de\/cms\/wp-json\/wp\/v2\/tags?post=23806"}],"curies":[{"name":"wp","href":"https:\/\/api.w.org\/{rel}","templated":true}]}}