{"id":11501,"date":"2021-04-29T07:30:10","date_gmt":"2021-04-29T05:30:10","guid":{"rendered":"https:\/\/www.christiani.de\/cms\/?p=11501"},"modified":"2024-02-16T10:48:57","modified_gmt":"2024-02-16T09:48:57","slug":"internationaler-masterstudiengang-zum-deutschen-dualen-ausbildungssystem","status":"publish","type":"post","link":"https:\/\/www.christiani.de\/cms\/internationaler-masterstudiengang-zum-deutschen-dualen-ausbildungssystem\/","title":{"rendered":"BMBF f\u00f6rdert Masterstudiengang zum Transfer der deutschen Ausbildung ins Ausland"},"content":{"rendered":"<p><div class=\"fusion-fullwidth fullwidth-box fusion-builder-row-1 fusion-flex-container has-pattern-background has-mask-background gradient-container-1 nonhundred-percent-fullwidth non-hundred-percent-height-scrolling\" style=\"--awb-border-radius-top-left:0px;--awb-border-radius-top-right:0px;--awb-border-radius-bottom-right:0px;--awb-border-radius-bottom-left:0px;--awb-flex-wrap:wrap;\" ><div class=\"fusion-builder-row fusion-row fusion-flex-align-items-flex-start fusion-flex-content-wrap\" style=\"max-width:1263.6px;margin-left: calc(-4% \/ 2 );margin-right: calc(-4% \/ 2 );\"><div class=\"fusion-layout-column fusion_builder_column fusion-builder-column-0 fusion_builder_column_1_1 1_1 fusion-flex-column\" style=\"--awb-bg-size:cover;--awb-width-large:100%;--awb-margin-top-large:0px;--awb-spacing-right-large:1.92%;--awb-margin-bottom-large:20px;--awb-spacing-left-large:1.92%;--awb-width-medium:100%;--awb-order-medium:0;--awb-spacing-right-medium:1.92%;--awb-spacing-left-medium:1.92%;--awb-width-small:100%;--awb-order-small:0;--awb-spacing-right-small:1.92%;--awb-spacing-left-small:1.92%;\"><div class=\"fusion-column-wrapper fusion-column-has-shadow fusion-flex-justify-content-flex-start fusion-content-layout-column\"><div class=\"fusion-title title fusion-title-1 fusion-sep-none fusion-title-text fusion-title-size-one\"><h1 class=\"fusion-title-heading title-heading-left\" style=\"margin:0;text-transform:none;\"><strong>BMBF f\u00f6rdert Masterstudiengang zum Transfer der deutschen Ausbildung ins Ausland<\/strong><\/h1><\/div><div class=\"fusion-separator\" style=\"align-self: flex-start;margin-right:auto;margin-bottom:25px;width:100%;max-width:120px;\"><div class=\"fusion-separator-border sep-single sep-solid\" style=\"--awb-height:20px;--awb-amount:20px;--awb-sep-color:#e20018;border-color:#e20018;border-top-width:2px;\"><\/div><\/div><\/div><\/div><\/div><\/div><div class=\"fusion-fullwidth fullwidth-box fusion-builder-row-2 fusion-flex-container gradient-container-2 nonhundred-percent-fullwidth non-hundred-percent-height-scrolling\" style=\"--awb-border-radius-top-left:0px;--awb-border-radius-top-right:0px;--awb-border-radius-bottom-right:0px;--awb-border-radius-bottom-left:0px;--awb-flex-wrap:wrap;\" ><div class=\"fusion-builder-row fusion-row fusion-flex-align-items-flex-start fusion-flex-content-wrap\" style=\"max-width:1263.6px;margin-left: calc(-4% \/ 2 );margin-right: calc(-4% \/ 2 );\"><div class=\"fusion-layout-column fusion_builder_column fusion-builder-column-1 fusion_builder_column_1_1 1_1 fusion-flex-column\" style=\"--awb-bg-size:cover;--awb-width-large:100%;--awb-margin-top-large:0px;--awb-spacing-right-large:1.92%;--awb-margin-bottom-large:20px;--awb-spacing-left-large:1.92%;--awb-width-medium:100%;--awb-order-medium:0;--awb-spacing-right-medium:1.92%;--awb-spacing-left-medium:1.92%;--awb-width-small:100%;--awb-order-small:0;--awb-spacing-right-small:1.92%;--awb-spacing-left-small:1.92%;\"><div class=\"fusion-column-wrapper fusion-column-has-shadow fusion-flex-justify-content-flex-start fusion-content-layout-column\"><div class=\"fusion-text fusion-text-1\"><p>Im April 2021 ist der Startschuss f\u00fcr das vom Bundesministerium f\u00fcr Bildung und Forschung (BMBF) gef\u00f6rderte Projekt zur Entwicklung eines englischsprachigen Masterstudiengangs im Bereich Management &amp; Teaching f\u00fcr internationale Berufsbildungsexperten gefallen. Der neue Studiengang an der TU M\u00fcnchen ist Teil des MasterVET-Programms und soll die Expertise deutscher Hochschulen im Bereich der Berufs- und Wirtschaftsp\u00e4dagogik st\u00e4rken.<\/p>\n<p>Ziel des neuen Masterstudiengangs ist es, Studierenden aus der ganzen Welt die M\u00f6glichkeit zu geben, den Aufbau und die Struktur der deutschen dualen Ausbildung kennenzulernen. Der Studiengang richtet sich an Interessierte der internationalen Berufsbildungscommunity, an Fach- und F\u00fchrungskr\u00e4fte aus Ministerien und \u00f6ffentlichen Institutionen sowie an Unternehmen, Berufsschulen und Bildungseinrichtungen. Als Multiplikatoren k\u00f6nnen die Absolventen in ihrem jeweiligen Land an den Ver\u00e4nderungsprozessen in der dortigen Ausbildung mitwirken und so Impulse des deutschen dualen Systems in die Welt hinaustragen.<\/p>\n<p><strong>Training Made in Germany<\/strong><\/p>\n<p>Die deutsche Berufsbildung genie\u00dft weltweit einen hervorragenden Ruf und wird gezielt von L\u00e4ndern angefragt. Im Rahmen der internationalen Berufsbildungszusammenarbeit ist das BMBF ein wichtiger Ansprechpartner f\u00fcr Fragen zur Weiterentwicklung von dualen Ausbildungsstrukturen.<\/p>\n<p>Die Bundesbildungsministerin Karliczek erkl\u00e4rte hierzu:<\/p>\n<p>\u201eDie duale Berufsbildung ist das Herzst\u00fcck der wirtschaftlichen Leistungsf\u00e4higkeit Deutschlands. Die St\u00e4rken dieses Erfolgsmodells m\u00f6chten wir als exportorientierte Nation auch mit anderen L\u00e4ndern teilen. Mir ist es ein Anliegen, dass eine st\u00e4rkere Praxisorientierung w\u00e4hrend der Ausbildung in aller Welt gef\u00f6rdert wird. Davon profitieren nicht nur die jeweiligen Staaten, sondern auch die auf hochqualifizierte Fach- und F\u00fchrungskr\u00e4fte vor Ort angewiesenen deutschen Unternehmen. Ich freue mich, dass wir nun an der TU M\u00fcnchen einen entsprechenden Masterstudiengang f\u00f6rdern und unser Know-how damit auch anderen L\u00e4ndern zur Verf\u00fcgung stellen k\u00f6nnen. [\u2026]\u201c<\/p>\n<p>Der Studiengang startet in einem Blended-Learning-Format, in dem sich Online- und Pr\u00e4senzphasen abwechseln. Anhand konkreter Problemstellungen aus dem beruflichen Alltag sollen die Studierenden Kompetenzen in der Gestaltung, Administration und dem Management von beruflichen Bildungsprozessen erlangen. Starten soll der Masterstudiengang erstmalig im Wintersemester 2022.<\/p>\n<p><strong>Christiani \u2013 der Komplettanbieter f\u00fcr die technische Aus- und Weiterbildung<\/strong><\/p>\n<p>Als Komplettanbieter f\u00fcr die technische Aus- und Weiterbildung vertreibt Christiani seine Produkte und L\u00f6sungen in weltweit \u00fcber 90 L\u00e4nder. Neben den didaktischen Materialien und der dazugeh\u00f6rigen \u201eTeachware\u201c f\u00fcr die Aus- und Weiterbildung bietet Christiani auch M\u00f6glichkeiten zur Ausbilder-Qualifizierung an. Ausbilder, Trainer und Lehrer k\u00f6nnen so auf ihre zuk\u00fcnftigen fachlichen und p\u00e4dagogischen Aufgaben vorbereitet werden.<\/p>\n<p><strong>Quelle: <\/strong><a href=\"https:\/\/www.bmbf.de\/files\/2021-03-29_062%20PM%20internat.%20Studiengang%20Berufsbildung%20TU%20M%c3%bcnchen.pdf\" target=\"_blank\" rel=\"noopener\">BMBF<\/a><\/p>\n<\/div><\/div><\/div><\/div><\/div><div class=\"fusion-fullwidth fullwidth-box fusion-builder-row-3 fusion-flex-container has-pattern-background has-mask-background gradient-container-3 nonhundred-percent-fullwidth non-hundred-percent-height-scrolling\" style=\"--awb-border-radius-top-left:0px;--awb-border-radius-top-right:0px;--awb-border-radius-bottom-right:0px;--awb-border-radius-bottom-left:0px;--awb-margin-top:30px;--awb-flex-wrap:wrap;\" ><div class=\"fusion-builder-row fusion-row fusion-flex-align-items-flex-start fusion-flex-content-wrap\" style=\"max-width:1263.6px;margin-left: calc(-4% \/ 2 );margin-right: calc(-4% \/ 2 );\"><div class=\"fusion-layout-column fusion_builder_column fusion-builder-column-2 fusion_builder_column_1_1 1_1 fusion-flex-column\" style=\"--awb-bg-size:cover;--awb-width-large:100%;--awb-margin-top-large:0px;--awb-spacing-right-large:1.92%;--awb-margin-bottom-large:20px;--awb-spacing-left-large:1.92%;--awb-width-medium:100%;--awb-order-medium:0;--awb-spacing-right-medium:1.92%;--awb-spacing-left-medium:1.92%;--awb-width-small:100%;--awb-order-small:0;--awb-spacing-right-small:1.92%;--awb-spacing-left-small:1.92%;\"><div class=\"fusion-column-wrapper fusion-column-has-shadow fusion-flex-justify-content-flex-start fusion-content-layout-column\"><div class=\"fusion-separator fusion-full-width-sep\" style=\"align-self: center;margin-left: auto;margin-right: auto;margin-bottom:20px;width:100%;max-width:100%;\"><div class=\"fusion-separator-border sep-single sep-solid\" style=\"--awb-height:20px;--awb-amount:20px;--awb-sep-color:#676767;border-color:#676767;border-top-width:1px;\"><\/div><\/div><div class=\"fusion-title title fusion-title-2 fusion-sep-none fusion-title-text fusion-title-size-two\" style=\"--awb-margin-bottom:50px;--awb-font-size:32px;\"><h2 class=\"fusion-title-heading title-heading-left\" style=\"margin:0;font-size:1em;text-transform:none;\"><strong>\u00c4hnliche Beitr\u00e4ge<\/strong><\/h2><\/div><div class=\"fusion-blog-shortcode fusion-blog-shortcode-1 fusion-blog-archive fusion-blog-layout-grid-wrapper fusion-blog-no fusion-blog-no-images\" style=\"--awb-title-line-height:normal;\"><style type=\"text\/css\">.fusion-blog-shortcode-1 .fusion-blog-layout-grid .fusion-post-grid{padding:20px;}.fusion-blog-shortcode-1 .fusion-posts-container{margin-left: -20px !important; margin-right:-20px !important;}<\/style><div class=\"fusion-posts-container fusion-posts-container-no fusion-no-meta-info fusion-blog-layout-grid fusion-blog-layout-grid-3 isotope fusion-blog-equal-heights\" data-pages=\"3\" data-grid-col-space=\"40\" style=\"margin: -20px -20px 0;min-height:500px;\"><article id=\"blog-1-post-40379\" class=\"fusion-post-grid post-40379 post type-post status-publish format-standard has-post-thumbnail hentry category-allgemein category-international\">\n<div class=\"fusion-post-wrapper\" style=\"background-color:rgba(255,255,255,0);border:none;\"><div class=\"fusion-post-content-wrapper\" style=\"padding:0 0 0 0;\"><div class=\"fusion-post-content post-content\"><h3 class=\"blog-shortcode-post-title entry-title\"><a href=\"https:\/\/www.christiani.de\/cms\/geschaeftsreise-nach-suedafrika-und-namibia-2025\/\">Gesch\u00e4ftsreise nach S\u00fcdafrika und Namibia, 2025<\/a><\/h3><div class=\"fusion-post-content-container\"><p> Gesch\u00e4ftsreise nach S\u00fcdafrika und Namibia       Neun Tage Aufenthalt, \u00fcber 22.000 Kilometer zu Lande und in der Luft sowie zahlreiche Termi<a href=\"https:\/\/www.christiani.de\/cms\/geschaeftsreise-nach-suedafrika-und-namibia-2025\/\"><span class=\"c-676767\"> [...]<\/span><\/a><\/p><p class=\"arrow-links\"><a href=\"https:\/\/www.christiani.de\/cms\/geschaeftsreise-nach-suedafrika-und-namibia-2025\/\"><span>Mehr lesen \u00a0<\/span><\/a><\/p><\/div><\/div><\/div><div class=\"fusion-clearfix\"><\/div><\/div>\n<\/article>\n<article id=\"blog-1-post-23882\" class=\"fusion-post-grid post-23882 post type-post status-publish format-standard has-post-thumbnail hentry category-allgemein category-fachraumkonzepte category-international\">\n<div class=\"fusion-post-wrapper\" style=\"background-color:rgba(255,255,255,0);border:none;\"><div class=\"fusion-post-content-wrapper\" style=\"padding:0 0 0 0;\"><div class=\"fusion-post-content post-content\"><h3 class=\"blog-shortcode-post-title entry-title\"><a href=\"https:\/\/www.christiani.de\/cms\/universitaet-ferizaj\/\">Universit\u00e4t Ferizaj<\/a><\/h3><div class=\"fusion-post-content-container\"><p> Modernes Fachzentrum f\u00fcr junge Universit\u00e4t im Kosovo   Das Unternehmen Christiani hat die Universit\u00e4t Ferizaj im Kosovo mit einem Fachraum <a href=\"https:\/\/www.christiani.de\/cms\/universitaet-ferizaj\/\"><span class=\"c-676767\"> [...]<\/span><\/a><\/p><p class=\"arrow-links\"><a href=\"https:\/\/www.christiani.de\/cms\/universitaet-ferizaj\/\"><span>Mehr lesen \u00a0<\/span><\/a><\/p><\/div><\/div><\/div><div class=\"fusion-clearfix\"><\/div><\/div>\n<\/article>\n<article id=\"blog-1-post-21679\" class=\"fusion-post-grid post-21679 post type-post status-publish format-standard has-post-thumbnail hentry category-allgemein category-international\">\n<div class=\"fusion-post-wrapper\" style=\"background-color:rgba(255,255,255,0);border:none;\"><div class=\"fusion-post-content-wrapper\" style=\"padding:0 0 0 0;\"><div class=\"fusion-post-content post-content\"><h3 class=\"blog-shortcode-post-title entry-title\"><a href=\"https:\/\/www.christiani.de\/cms\/christiani-auf-der-elearning-africa\/\">Christiani auf der eLearning Africa<\/a><\/h3><div class=\"fusion-post-content-container\"><p> Nach 2 Jahren pandemiebedingter Pause war es nun wieder so weit, f\u00fcr das internationale Vertriebsteam von Christiani stand endlich die erst<a href=\"https:\/\/www.christiani.de\/cms\/christiani-auf-der-elearning-africa\/\"><span class=\"c-676767\"> [...]<\/span><\/a><\/p><p class=\"arrow-links\"><a href=\"https:\/\/www.christiani.de\/cms\/christiani-auf-der-elearning-africa\/\"><span>Mehr lesen \u00a0<\/span><\/a><\/p><\/div><\/div><\/div><div class=\"fusion-clearfix\"><\/div><\/div>\n<\/article>\n<div class=\"fusion-clearfix\"><\/div><\/div><\/div><\/div><\/div><\/div><\/div><\/p>\n","protected":false},"excerpt":{"rendered":"","protected":false},"author":21,"featured_media":11517,"comment_status":"open","ping_status":"open","sticky":false,"template":"","format":"standard","meta":{"footnotes":""},"categories":[12],"tags":[],"class_list":["post-11501","post","type-post","status-publish","format-standard","has-post-thumbnail","hentry","category-international"],"yoast_head":"<!-- This site is optimized with the Yoast SEO plugin v23.4 - https:\/\/yoast.com\/wordpress\/plugins\/seo\/ -->\n<title>Internationaler Master zum deutschen dualen Ausbildungssystem | Christiani<\/title>\n<meta name=\"description\" content=\"Ziel des neuen Masterstudiengangs, der im Wintersemester 2022 startet, ist es, Studierenden aus der ganzen Welt die M\u00f6glichkeit zu geben, den Aufbau und die Struktur der deutschen dualen Ausbildung kennenzulernen.\" \/>\n<meta name=\"robots\" content=\"index, follow, max-snippet:-1, max-image-preview:large, max-video-preview:-1\" \/>\n<link rel=\"canonical\" href=\"https:\/\/www.christiani.de\/cms\/internationaler-masterstudiengang-zum-deutschen-dualen-ausbildungssystem\/\" \/>\n<meta property=\"og:locale\" content=\"de_DE\" \/>\n<meta property=\"og:type\" content=\"article\" \/>\n<meta property=\"og:title\" content=\"Internationaler Master zum deutschen dualen Ausbildungssystem | Christiani\" \/>\n<meta property=\"og:description\" content=\"Ziel des neuen Masterstudiengangs, der im Wintersemester 2022 startet, ist es, Studierenden aus der ganzen Welt die M\u00f6glichkeit zu geben, den Aufbau und die Struktur der deutschen dualen Ausbildung kennenzulernen.\" \/>\n<meta property=\"og:url\" content=\"https:\/\/www.christiani.de\/cms\/internationaler-masterstudiengang-zum-deutschen-dualen-ausbildungssystem\/\" \/>\n<meta property=\"og:site_name\" content=\"Lehr- und Pr\u00fcfungsmaterial f\u00fcr Schule &amp; Ausbildung | Christiani.de\" \/>\n<meta property=\"article:published_time\" content=\"2021-04-29T05:30:10+00:00\" \/>\n<meta property=\"article:modified_time\" content=\"2024-02-16T09:48:57+00:00\" \/>\n<meta property=\"og:image\" content=\"https:\/\/www.christiani.de\/cms\/wp-content\/uploads\/2021\/04\/MasterVET-Studiengang-BMBF_News-Blog-scaled.jpeg\" \/>\n\t<meta property=\"og:image:width\" content=\"2560\" \/>\n\t<meta property=\"og:image:height\" content=\"1707\" \/>\n\t<meta property=\"og:image:type\" content=\"image\/jpeg\" \/>\n<meta name=\"author\" content=\"C. Mors\" \/>\n<meta name=\"twitter:card\" content=\"summary_large_image\" \/>\n<meta name=\"twitter:label1\" content=\"Verfasst von\" \/>\n\t<meta name=\"twitter:data1\" content=\"C. Mors\" \/>\n\t<meta name=\"twitter:label2\" content=\"Gesch\u00e4tzte Lesezeit\" \/>\n\t<meta name=\"twitter:data2\" content=\"3 Minuten\" \/>\n<script type=\"application\/ld+json\" class=\"yoast-schema-graph\">{\"@context\":\"https:\/\/schema.org\",\"@graph\":[{\"@type\":\"WebPage\",\"@id\":\"https:\/\/www.christiani.de\/cms\/internationaler-masterstudiengang-zum-deutschen-dualen-ausbildungssystem\/\",\"url\":\"https:\/\/www.christiani.de\/cms\/internationaler-masterstudiengang-zum-deutschen-dualen-ausbildungssystem\/\",\"name\":\"Internationaler Master zum deutschen dualen Ausbildungssystem | Christiani\",\"isPartOf\":{\"@id\":\"https:\/\/www.christiani.de\/cms\/#website\"},\"primaryImageOfPage\":{\"@id\":\"https:\/\/www.christiani.de\/cms\/internationaler-masterstudiengang-zum-deutschen-dualen-ausbildungssystem\/#primaryimage\"},\"image\":{\"@id\":\"https:\/\/www.christiani.de\/cms\/internationaler-masterstudiengang-zum-deutschen-dualen-ausbildungssystem\/#primaryimage\"},\"thumbnailUrl\":\"https:\/\/www.christiani.de\/cms\/wp-content\/uploads\/2021\/04\/MasterVET-Studiengang-BMBF_News-Blog-scaled.jpeg\",\"datePublished\":\"2021-04-29T05:30:10+00:00\",\"dateModified\":\"2024-02-16T09:48:57+00:00\",\"author\":{\"@id\":\"https:\/\/www.christiani.de\/cms\/#\/schema\/person\/f376907829339ebfc046e4fa3d60ee43\"},\"description\":\"Ziel des neuen Masterstudiengangs, der im Wintersemester 2022 startet, ist es, Studierenden aus der ganzen Welt die M\u00f6glichkeit zu geben, den Aufbau und die Struktur der deutschen dualen Ausbildung kennenzulernen.\",\"breadcrumb\":{\"@id\":\"https:\/\/www.christiani.de\/cms\/internationaler-masterstudiengang-zum-deutschen-dualen-ausbildungssystem\/#breadcrumb\"},\"inLanguage\":\"de-DE\",\"potentialAction\":[{\"@type\":\"ReadAction\",\"target\":[\"https:\/\/www.christiani.de\/cms\/internationaler-masterstudiengang-zum-deutschen-dualen-ausbildungssystem\/\"]}]},{\"@type\":\"ImageObject\",\"inLanguage\":\"de-DE\",\"@id\":\"https:\/\/www.christiani.de\/cms\/internationaler-masterstudiengang-zum-deutschen-dualen-ausbildungssystem\/#primaryimage\",\"url\":\"https:\/\/www.christiani.de\/cms\/wp-content\/uploads\/2021\/04\/MasterVET-Studiengang-BMBF_News-Blog-scaled.jpeg\",\"contentUrl\":\"https:\/\/www.christiani.de\/cms\/wp-content\/uploads\/2021\/04\/MasterVET-Studiengang-BMBF_News-Blog-scaled.jpeg\",\"width\":2560,\"height\":1707,\"caption\":\"teacher with students in mechanics working\"},{\"@type\":\"BreadcrumbList\",\"@id\":\"https:\/\/www.christiani.de\/cms\/internationaler-masterstudiengang-zum-deutschen-dualen-ausbildungssystem\/#breadcrumb\",\"itemListElement\":[{\"@type\":\"ListItem\",\"position\":1,\"name\":\"christiani.de\",\"item\":\"https:\/\/www.christiani.de\"},{\"@type\":\"ListItem\",\"position\":2,\"name\":\"Christiani auf der eLearning Africa\"}]},{\"@type\":\"WebSite\",\"@id\":\"https:\/\/www.christiani.de\/cms\/#website\",\"url\":\"https:\/\/www.christiani.de\/cms\/\",\"name\":\"Lehr- und Pr\u00fcfungsmaterial f\u00fcr Schule &amp; Ausbildung | Christiani.de\",\"description\":\"Christiani.de\",\"potentialAction\":[{\"@type\":\"SearchAction\",\"target\":{\"@type\":\"EntryPoint\",\"urlTemplate\":\"https:\/\/www.christiani.de\/cms\/?s={search_term_string}\"},\"query-input\":{\"@type\":\"PropertyValueSpecification\",\"valueRequired\":true,\"valueName\":\"search_term_string\"}}],\"inLanguage\":\"de-DE\"},{\"@type\":\"Person\",\"@id\":\"https:\/\/www.christiani.de\/cms\/#\/schema\/person\/f376907829339ebfc046e4fa3d60ee43\",\"name\":\"C. Mors\",\"image\":{\"@type\":\"ImageObject\",\"inLanguage\":\"de-DE\",\"@id\":\"https:\/\/www.christiani.de\/cms\/#\/schema\/person\/image\/\",\"url\":\"https:\/\/secure.gravatar.com\/avatar\/07f8c0a9693a6015aaac32e4d9ae45f1?s=96&d=mm&r=g\",\"contentUrl\":\"https:\/\/secure.gravatar.com\/avatar\/07f8c0a9693a6015aaac32e4d9ae45f1?s=96&d=mm&r=g\",\"caption\":\"C. Mors\"}}]}<\/script>\n<!-- \/ Yoast SEO plugin. -->","yoast_head_json":{"title":"Internationaler Master zum deutschen dualen Ausbildungssystem | Christiani","description":"Ziel des neuen Masterstudiengangs, der im Wintersemester 2022 startet, ist es, Studierenden aus der ganzen Welt die M\u00f6glichkeit zu geben, den Aufbau und die Struktur der deutschen dualen Ausbildung kennenzulernen.","robots":{"index":"index","follow":"follow","max-snippet":"max-snippet:-1","max-image-preview":"max-image-preview:large","max-video-preview":"max-video-preview:-1"},"canonical":"https:\/\/www.christiani.de\/cms\/internationaler-masterstudiengang-zum-deutschen-dualen-ausbildungssystem\/","og_locale":"de_DE","og_type":"article","og_title":"Internationaler Master zum deutschen dualen Ausbildungssystem | Christiani","og_description":"Ziel des neuen Masterstudiengangs, der im Wintersemester 2022 startet, ist es, Studierenden aus der ganzen Welt die M\u00f6glichkeit zu geben, den Aufbau und die Struktur der deutschen dualen Ausbildung kennenzulernen.","og_url":"https:\/\/www.christiani.de\/cms\/internationaler-masterstudiengang-zum-deutschen-dualen-ausbildungssystem\/","og_site_name":"Lehr- und Pr\u00fcfungsmaterial f\u00fcr Schule &amp; Ausbildung | Christiani.de","article_published_time":"2021-04-29T05:30:10+00:00","article_modified_time":"2024-02-16T09:48:57+00:00","og_image":[{"width":2560,"height":1707,"url":"https:\/\/www.christiani.de\/cms\/wp-content\/uploads\/2021\/04\/MasterVET-Studiengang-BMBF_News-Blog-scaled.jpeg","type":"image\/jpeg"}],"author":"C. Mors","twitter_card":"summary_large_image","twitter_misc":{"Verfasst von":"C. Mors","Gesch\u00e4tzte Lesezeit":"3 Minuten"},"schema":{"@context":"https:\/\/schema.org","@graph":[{"@type":"WebPage","@id":"https:\/\/www.christiani.de\/cms\/internationaler-masterstudiengang-zum-deutschen-dualen-ausbildungssystem\/","url":"https:\/\/www.christiani.de\/cms\/internationaler-masterstudiengang-zum-deutschen-dualen-ausbildungssystem\/","name":"Internationaler Master zum deutschen dualen Ausbildungssystem | Christiani","isPartOf":{"@id":"https:\/\/www.christiani.de\/cms\/#website"},"primaryImageOfPage":{"@id":"https:\/\/www.christiani.de\/cms\/internationaler-masterstudiengang-zum-deutschen-dualen-ausbildungssystem\/#primaryimage"},"image":{"@id":"https:\/\/www.christiani.de\/cms\/internationaler-masterstudiengang-zum-deutschen-dualen-ausbildungssystem\/#primaryimage"},"thumbnailUrl":"https:\/\/www.christiani.de\/cms\/wp-content\/uploads\/2021\/04\/MasterVET-Studiengang-BMBF_News-Blog-scaled.jpeg","datePublished":"2021-04-29T05:30:10+00:00","dateModified":"2024-02-16T09:48:57+00:00","author":{"@id":"https:\/\/www.christiani.de\/cms\/#\/schema\/person\/f376907829339ebfc046e4fa3d60ee43"},"description":"Ziel des neuen Masterstudiengangs, der im Wintersemester 2022 startet, ist es, Studierenden aus der ganzen Welt die M\u00f6glichkeit zu geben, den Aufbau und die Struktur der deutschen dualen Ausbildung kennenzulernen.","breadcrumb":{"@id":"https:\/\/www.christiani.de\/cms\/internationaler-masterstudiengang-zum-deutschen-dualen-ausbildungssystem\/#breadcrumb"},"inLanguage":"de-DE","potentialAction":[{"@type":"ReadAction","target":["https:\/\/www.christiani.de\/cms\/internationaler-masterstudiengang-zum-deutschen-dualen-ausbildungssystem\/"]}]},{"@type":"ImageObject","inLanguage":"de-DE","@id":"https:\/\/www.christiani.de\/cms\/internationaler-masterstudiengang-zum-deutschen-dualen-ausbildungssystem\/#primaryimage","url":"https:\/\/www.christiani.de\/cms\/wp-content\/uploads\/2021\/04\/MasterVET-Studiengang-BMBF_News-Blog-scaled.jpeg","contentUrl":"https:\/\/www.christiani.de\/cms\/wp-content\/uploads\/2021\/04\/MasterVET-Studiengang-BMBF_News-Blog-scaled.jpeg","width":2560,"height":1707,"caption":"teacher with students in mechanics working"},{"@type":"BreadcrumbList","@id":"https:\/\/www.christiani.de\/cms\/internationaler-masterstudiengang-zum-deutschen-dualen-ausbildungssystem\/#breadcrumb","itemListElement":[{"@type":"ListItem","position":1,"name":"christiani.de","item":"https:\/\/www.christiani.de"},{"@type":"ListItem","position":2,"name":"Christiani auf der eLearning Africa"}]},{"@type":"WebSite","@id":"https:\/\/www.christiani.de\/cms\/#website","url":"https:\/\/www.christiani.de\/cms\/","name":"Lehr- und Pr\u00fcfungsmaterial f\u00fcr Schule &amp; Ausbildung | Christiani.de","description":"Christiani.de","potentialAction":[{"@type":"SearchAction","target":{"@type":"EntryPoint","urlTemplate":"https:\/\/www.christiani.de\/cms\/?s={search_term_string}"},"query-input":{"@type":"PropertyValueSpecification","valueRequired":true,"valueName":"search_term_string"}}],"inLanguage":"de-DE"},{"@type":"Person","@id":"https:\/\/www.christiani.de\/cms\/#\/schema\/person\/f376907829339ebfc046e4fa3d60ee43","name":"C. Mors","image":{"@type":"ImageObject","inLanguage":"de-DE","@id":"https:\/\/www.christiani.de\/cms\/#\/schema\/person\/image\/","url":"https:\/\/secure.gravatar.com\/avatar\/07f8c0a9693a6015aaac32e4d9ae45f1?s=96&d=mm&r=g","contentUrl":"https:\/\/secure.gravatar.com\/avatar\/07f8c0a9693a6015aaac32e4d9ae45f1?s=96&d=mm&r=g","caption":"C. Mors"}}]}},"_links":{"self":[{"href":"https:\/\/www.christiani.de\/cms\/wp-json\/wp\/v2\/posts\/11501"}],"collection":[{"href":"https:\/\/www.christiani.de\/cms\/wp-json\/wp\/v2\/posts"}],"about":[{"href":"https:\/\/www.christiani.de\/cms\/wp-json\/wp\/v2\/types\/post"}],"author":[{"embeddable":true,"href":"https:\/\/www.christiani.de\/cms\/wp-json\/wp\/v2\/users\/21"}],"replies":[{"embeddable":true,"href":"https:\/\/www.christiani.de\/cms\/wp-json\/wp\/v2\/comments?post=11501"}],"version-history":[{"count":7,"href":"https:\/\/www.christiani.de\/cms\/wp-json\/wp\/v2\/posts\/11501\/revisions"}],"predecessor-version":[{"id":31799,"href":"https:\/\/www.christiani.de\/cms\/wp-json\/wp\/v2\/posts\/11501\/revisions\/31799"}],"wp:featuredmedia":[{"embeddable":true,"href":"https:\/\/www.christiani.de\/cms\/wp-json\/wp\/v2\/media\/11517"}],"wp:attachment":[{"href":"https:\/\/www.christiani.de\/cms\/wp-json\/wp\/v2\/media?parent=11501"}],"wp:term":[{"taxonomy":"category","embeddable":true,"href":"https:\/\/www.christiani.de\/cms\/wp-json\/wp\/v2\/categories?post=11501"},{"taxonomy":"post_tag","embeddable":true,"href":"https:\/\/www.christiani.de\/cms\/wp-json\/wp\/v2\/tags?post=11501"}],"curies":[{"name":"wp","href":"https:\/\/api.w.org\/{rel}","templated":true}]}}