{"id":11383,"date":"2021-04-15T13:53:05","date_gmt":"2021-04-15T11:53:05","guid":{"rendered":"https:\/\/www.christiani.de\/cms\/?p=11383"},"modified":"2024-05-22T07:48:01","modified_gmt":"2024-05-22T05:48:01","slug":"christiani-wird-90","status":"publish","type":"post","link":"https:\/\/www.christiani.de\/cms\/christiani-wird-90\/","title":{"rendered":"Christiani wird 90!"},"content":{"rendered":"<p><div class=\"fusion-fullwidth fullwidth-box fusion-builder-row-1 fusion-flex-container has-pattern-background has-mask-background gradient-container-1 nonhundred-percent-fullwidth non-hundred-percent-height-scrolling\" style=\"--awb-border-radius-top-left:0px;--awb-border-radius-top-right:0px;--awb-border-radius-bottom-right:0px;--awb-border-radius-bottom-left:0px;--awb-flex-wrap:wrap;\" ><div class=\"fusion-builder-row fusion-row fusion-flex-align-items-flex-start fusion-flex-content-wrap\" style=\"max-width:1263.6px;margin-left: calc(-4% \/ 2 );margin-right: calc(-4% \/ 2 );\"><div class=\"fusion-layout-column fusion_builder_column fusion-builder-column-0 fusion_builder_column_1_1 1_1 fusion-flex-column\" style=\"--awb-bg-size:cover;--awb-width-large:100%;--awb-margin-top-large:0px;--awb-spacing-right-large:1.92%;--awb-margin-bottom-large:20px;--awb-spacing-left-large:1.92%;--awb-width-medium:100%;--awb-order-medium:0;--awb-spacing-right-medium:1.92%;--awb-spacing-left-medium:1.92%;--awb-width-small:100%;--awb-order-small:0;--awb-spacing-right-small:1.92%;--awb-spacing-left-small:1.92%;\"><div class=\"fusion-column-wrapper fusion-column-has-shadow fusion-flex-justify-content-flex-start fusion-content-layout-column\"><div class=\"fusion-title title fusion-title-1 fusion-sep-none fusion-title-text fusion-title-size-one\"><h1 class=\"fusion-title-heading title-heading-left\" style=\"margin:0;text-transform:none;\"><strong>Christiani wird 90!<\/strong><\/h1><\/div><div class=\"fusion-separator\" style=\"align-self: flex-start;margin-right:auto;margin-bottom:25px;width:100%;max-width:120px;\"><div class=\"fusion-separator-border sep-single sep-solid\" style=\"--awb-height:20px;--awb-amount:20px;--awb-sep-color:#e20018;border-color:#e20018;border-top-width:2px;\"><\/div><\/div><\/div><\/div><\/div><\/div><div class=\"fusion-fullwidth fullwidth-box fusion-builder-row-2 gradient-container-2 nonhundred-percent-fullwidth non-hundred-percent-height-scrolling\" style=\"--awb-border-radius-top-left:0px;--awb-border-radius-top-right:0px;--awb-border-radius-bottom-right:0px;--awb-border-radius-bottom-left:0px;--awb-flex-wrap:wrap;\" ><div class=\"fusion-builder-row fusion-row\"><div class=\"fusion-layout-column fusion_builder_column fusion-builder-column-1 fusion_builder_column_3_4 3_4 fusion-three-fourth fusion-column-first\" style=\"--awb-bg-size:cover;--awb-margin-bottom:0px;width:74%; margin-right: 4%;\"><div class=\"fusion-column-wrapper fusion-flex-column-wrapper-legacy\"><div class=\"fusion-text fusion-text-1\"><p><strong>Der Namensgeber und Firmengr\u00fcnder Dr.-Ing. habil. Paul Christiani erkannte bereits fr\u00fch das Potenzial der pers\u00f6nlichen Weiterbildung f\u00fcr den beruflichen Aufstieg. Obwohl er als Privatdozent an der <em>Technischen Hochschule Aachen<\/em> und als Baustatiker t\u00e4tig war, wagte er 1931 den Schritt in die Selbstst\u00e4ndigkeit. Mit seiner Firma Christiani gr\u00fcndete er die erste Fernschule in Deutschland. <\/strong><\/p>\n<\/div><div class=\"fusion-clearfix\"><\/div><\/div><\/div><div class=\"fusion-layout-column fusion_builder_column fusion-builder-column-2 fusion_builder_column_1_4 1_4 fusion-one-fourth fusion-column-last\" style=\"--awb-bg-size:cover;--awb-margin-bottom:0px;width:22%;\"><div class=\"fusion-column-wrapper fusion-flex-column-wrapper-legacy\"><div class=\"fusion-image-element in-legacy-container\" style=\"--awb-caption-title-font-family:var(--h2_typography-font-family);--awb-caption-title-font-weight:var(--h2_typography-font-weight);--awb-caption-title-font-style:var(--h2_typography-font-style);--awb-caption-title-size:var(--h2_typography-font-size);--awb-caption-title-transform:var(--h2_typography-text-transform);--awb-caption-title-line-height:var(--h2_typography-line-height);--awb-caption-title-letter-spacing:var(--h2_typography-letter-spacing);\"><span class=\" fusion-imageframe imageframe-none imageframe-1 hover-type-none\"><img loading=\"lazy\" decoding=\"async\" width=\"150\" height=\"150\" title=\"Herr Dr.-Ing. Paul Christiani\" src=\"https:\/\/www.christiani.de\/cms\/wp-content\/uploads\/2021\/04\/Dr_Christiani_Col-150x150.jpg\" alt class=\"img-responsive wp-image-11384\" srcset=\"https:\/\/www.christiani.de\/cms\/wp-content\/uploads\/2021\/04\/Dr_Christiani_Col-66x66.jpg 66w, https:\/\/www.christiani.de\/cms\/wp-content\/uploads\/2021\/04\/Dr_Christiani_Col-150x150.jpg 150w, https:\/\/www.christiani.de\/cms\/wp-content\/uploads\/2021\/04\/Dr_Christiani_Col-500x500.jpg 500w\" sizes=\"(max-width: 150px) 100vw, 150px\" \/><\/span><\/div><div class=\"fusion-clearfix\"><\/div><\/div><\/div><div class=\"fusion-layout-column fusion_builder_column fusion-builder-column-3 fusion_builder_column_1_1 1_1 fusion-one-full fusion-column-first fusion-column-last\" style=\"--awb-bg-size:cover;\"><div class=\"fusion-column-wrapper fusion-column-has-shadow fusion-flex-column-wrapper-legacy\"><div class=\"fusion-clearfix\"><\/div><\/div><\/div><\/div><\/div><div class=\"fusion-fullwidth fullwidth-box fusion-builder-row-3 gradient-container-3 nonhundred-percent-fullwidth non-hundred-percent-height-scrolling\" style=\"--awb-border-radius-top-left:0px;--awb-border-radius-top-right:0px;--awb-border-radius-bottom-right:0px;--awb-border-radius-bottom-left:0px;--awb-flex-wrap:wrap;\" ><div class=\"fusion-builder-row fusion-row\"><div class=\"fusion-layout-column fusion_builder_column fusion-builder-column-4 fusion_builder_column_1_1 1_1 fusion-one-full fusion-column-first fusion-column-last\" style=\"--awb-bg-size:cover;--awb-margin-bottom:0px;\"><div class=\"fusion-column-wrapper fusion-flex-column-wrapper-legacy\"><div class=\"fusion-text fusion-text-2\"><p>Dr.-Ing. Paul Christiani startete seine Fernschule mit einem ersten Lehrgang zur Bautechnik. Der Erfolg best\u00e4tigte seine Einsch\u00e4tzung, dass der Bedarf an technischer Weiterbildung in Deutschland trotz der schlechten Wirtschaftslage enorm war. Bereits nach zehn Jahren besch\u00e4ftigte das Unternehmen 100 Mitarbeiter und z\u00e4hlte \u00fcber 100.000 Studienteilnehmer.<\/p>\n<p>Nach dem zweiten Weltkrieg musste auch Dr.-Ing. Paul Christiani sein Unternehmen weitgehend neu aufbauen. 1949 hatte Christiani zwanzig Mitarbeiter, gut zehn Jahre sp\u00e4ter war die Belegschaft so gro\u00df, dass Dr. Christiani ein neues Geb\u00e4ude errichten lie\u00df. 1960 zog das Unternehmen in die heutige Konstanzer Firmenzentrale in fu\u00dfl\u00e4ufiger Entfernung zum Bodensee.<\/p>\n<p>Zu Beginn der siebziger Jahre bot Christiani neben der Weiterbildung auch erste Produkte zur beruflichen Ausbildung an. Eine Datenbank mit \u00fcber 20.000 Aufgaben f\u00fcr die Ausbildung in der Elektro- und Metalltechnik machte den Anfang. Damit war der Grundstein f\u00fcr die Weiterentwicklung des Unternehmens zum Komplettanbieter f\u00fcr die technische Aus- und Weiterbildung gelegt.<\/p>\n<\/div><div class=\"fusion-clearfix\"><\/div><\/div><\/div><\/div><\/div><div class=\"fusion-fullwidth fullwidth-box fusion-builder-row-4 gradient-container-4 nonhundred-percent-fullwidth non-hundred-percent-height-scrolling\" style=\"--awb-border-radius-top-left:0px;--awb-border-radius-top-right:0px;--awb-border-radius-bottom-right:0px;--awb-border-radius-bottom-left:0px;--awb-flex-wrap:wrap;\" ><div class=\"fusion-builder-row fusion-row\"><div class=\"fusion-layout-column fusion_builder_column fusion-builder-column-5 fusion_builder_column_1_1 1_1 fusion-one-full fusion-column-first fusion-column-last\" style=\"--awb-bg-size:cover;\"><div class=\"fusion-column-wrapper fusion-column-has-shadow fusion-flex-column-wrapper-legacy\"><div class=\"fusion-text fusion-text-3\"><p><strong>Von der Fernschule zum Komplettanbieter f\u00fcr technische Bildung<\/strong><\/p>\n<p>Fernlehrg\u00e4nge, Aufgabensammlungen und Fachb\u00fccher gibt es noch immer im Christiani Programm. Sie werden mit digitalen Angeboten bis hin zu Augmented und Virtual Reality Anwendungen erg\u00e4nzt. Zum Verlagsangebot bietet Christiani heute auch ein umfassendes Portfolio an \u201eTeachware\u201c \u2013 von Projektarbeiten \u00fcber Schulungsger\u00e4te bis zu Trainingsst\u00e4nden und anderen Lehrsystemen. F\u00fcr Unternehmen und Bildungseinrichtungen weltweit stattet Christiani auch komplette Fachr\u00e4ume und Bildungszentren aus.<\/p>\n<p>Diese Entwicklung konnte Dr.-Ing. Paul Christiani vor 90 Jahren bestimmt nicht vorhersehen. Wir sind uns aber ganz sicher, dass sie in seinem Sinne gewesen w\u00e4re. Denn seine Unternehmensgr\u00fcndung fu\u00dfte auf dem Grundsatz, stets den Anforderungen der beruflichen Praxis gerecht zu werden. Mit diesem Grundsatz sind wir ihm und uns bis heute treu geblieben.<\/p>\n<\/div><div class=\"fusion-clearfix\"><\/div><\/div><\/div><\/div><\/div><div class=\"fusion-fullwidth fullwidth-box fusion-builder-row-5 fusion-flex-container has-pattern-background has-mask-background gradient-container-5 nonhundred-percent-fullwidth non-hundred-percent-height-scrolling\" style=\"--awb-border-radius-top-left:0px;--awb-border-radius-top-right:0px;--awb-border-radius-bottom-right:0px;--awb-border-radius-bottom-left:0px;--awb-margin-top:30px;--awb-flex-wrap:wrap;\" ><div class=\"fusion-builder-row fusion-row fusion-flex-align-items-flex-start fusion-flex-content-wrap\" style=\"max-width:1263.6px;margin-left: calc(-4% \/ 2 );margin-right: calc(-4% \/ 2 );\"><div class=\"fusion-layout-column fusion_builder_column fusion-builder-column-6 fusion_builder_column_1_1 1_1 fusion-flex-column\" style=\"--awb-bg-size:cover;--awb-width-large:100%;--awb-margin-top-large:0px;--awb-spacing-right-large:1.92%;--awb-margin-bottom-large:20px;--awb-spacing-left-large:1.92%;--awb-width-medium:100%;--awb-order-medium:0;--awb-spacing-right-medium:1.92%;--awb-spacing-left-medium:1.92%;--awb-width-small:100%;--awb-order-small:0;--awb-spacing-right-small:1.92%;--awb-spacing-left-small:1.92%;\"><div class=\"fusion-column-wrapper fusion-column-has-shadow fusion-flex-justify-content-flex-start fusion-content-layout-column\"><div class=\"fusion-separator fusion-full-width-sep\" style=\"align-self: center;margin-left: auto;margin-right: auto;margin-bottom:20px;width:100%;max-width:100%;\"><div class=\"fusion-separator-border sep-single sep-solid\" style=\"--awb-height:20px;--awb-amount:20px;--awb-sep-color:#676767;border-color:#676767;border-top-width:1px;\"><\/div><\/div><div class=\"fusion-title title fusion-title-2 fusion-sep-none fusion-title-text fusion-title-size-two\" style=\"--awb-margin-bottom:50px;--awb-font-size:32px;\"><h2 class=\"fusion-title-heading title-heading-left\" style=\"margin:0;font-size:1em;text-transform:none;\"><strong>\u00c4hnliche Beitr\u00e4ge<\/strong><\/h2><\/div><div class=\"fusion-blog-shortcode fusion-blog-shortcode-1 fusion-blog-archive fusion-blog-layout-grid-wrapper fusion-blog-no fusion-blog-no-images\" style=\"--awb-title-line-height:normal;\"><style type=\"text\/css\">.fusion-blog-shortcode-1 .fusion-blog-layout-grid .fusion-post-grid{padding:20px;}.fusion-blog-shortcode-1 .fusion-posts-container{margin-left: -20px !important; margin-right:-20px !important;}<\/style><div class=\"fusion-posts-container fusion-posts-container-no fusion-no-meta-info fusion-blog-layout-grid fusion-blog-layout-grid-3 isotope fusion-blog-equal-heights\" data-pages=\"51\" data-grid-col-space=\"40\" style=\"margin: -20px -20px 0;min-height:500px;\"><article id=\"blog-1-post-41904\" class=\"fusion-post-grid post-41904 post type-post status-publish format-standard has-post-thumbnail hentry category-allgemein\">\n<div class=\"fusion-post-wrapper\" style=\"background-color:rgba(255,255,255,0);border:none;\"><div class=\"fusion-post-content-wrapper\" style=\"padding:0 0 0 0;\"><div class=\"fusion-post-content post-content\"><h3 class=\"blog-shortcode-post-title entry-title\"><a href=\"https:\/\/www.christiani.de\/cms\/didacta_2026\/\">Christiani auf der didacta 2026<\/a><\/h3><div class=\"fusion-post-content-container\"><p> Highlights von Christiani auf der didacta 2026       Sehen wir uns in K\u00f6ln? In diesem Jahr pr\u00e4sentieren wir auf der didacta einige echte Hi<a href=\"https:\/\/www.christiani.de\/cms\/didacta_2026\/\"><span class=\"c-676767\"> [...]<\/span><\/a><\/p><p class=\"arrow-links\"><a href=\"https:\/\/www.christiani.de\/cms\/didacta_2026\/\"><span>Mehr lesen \u00a0<\/span><\/a><\/p><\/div><\/div><\/div><div class=\"fusion-clearfix\"><\/div><\/div>\n<\/article>\n<article id=\"blog-1-post-41963\" class=\"fusion-post-grid post-41963 post type-post status-publish format-standard has-post-thumbnail hentry category-allgemein\">\n<div class=\"fusion-post-wrapper\" style=\"background-color:rgba(255,255,255,0);border:none;\"><div class=\"fusion-post-content-wrapper\" style=\"padding:0 0 0 0;\"><div class=\"fusion-post-content post-content\"><h3 class=\"blog-shortcode-post-title entry-title\"><a href=\"https:\/\/www.christiani.de\/cms\/spannendes-von-christiani-fuer-den-mint-unterricht\/\">Spannendes von Christiani f\u00fcr den MINT-Unterricht<\/a><\/h3><div class=\"fusion-post-content-container\"><p> Spannendes von Christiani f\u00fcr den MINT-Unterricht   Lehrerinnen und Lehrer d\u00fcrfen sich in diesem Jahr besonders auf die didacta freuen.\u00a0Bei<a href=\"https:\/\/www.christiani.de\/cms\/spannendes-von-christiani-fuer-den-mint-unterricht\/\"><span class=\"c-676767\"> [...]<\/span><\/a><\/p><p class=\"arrow-links\"><a href=\"https:\/\/www.christiani.de\/cms\/spannendes-von-christiani-fuer-den-mint-unterricht\/\"><span>Mehr lesen \u00a0<\/span><\/a><\/p><\/div><\/div><\/div><div class=\"fusion-clearfix\"><\/div><\/div>\n<\/article>\n<article id=\"blog-1-post-41251\" class=\"fusion-post-grid post-41251 post type-post status-publish format-standard has-post-thumbnail hentry category-allgemein\">\n<div class=\"fusion-post-wrapper\" style=\"background-color:rgba(255,255,255,0);border:none;\"><div class=\"fusion-post-content-wrapper\" style=\"padding:0 0 0 0;\"><div class=\"fusion-post-content post-content\"><h3 class=\"blog-shortcode-post-title entry-title\"><a href=\"https:\/\/www.christiani.de\/cms\/bildungsaward-2025-26\/\">Bildungsaward 2025\/26<\/a><\/h3><div class=\"fusion-post-content-container\"><p> Ausgezeichnet! Christiani erh\u00e4lt den Deutschen Bildungs-Award 2025\/26       Das Christiani Lernportal C-LEARNING hat erst k\u00fcrzlich seinen d<a href=\"https:\/\/www.christiani.de\/cms\/bildungsaward-2025-26\/\"><span class=\"c-676767\"> [...]<\/span><\/a><\/p><p class=\"arrow-links\"><a href=\"https:\/\/www.christiani.de\/cms\/bildungsaward-2025-26\/\"><span>Mehr lesen \u00a0<\/span><\/a><\/p><\/div><\/div><\/div><div class=\"fusion-clearfix\"><\/div><\/div>\n<\/article>\n<div class=\"fusion-clearfix\"><\/div><\/div><\/div><\/div><\/div><\/div><\/div><\/p>\n","protected":false},"excerpt":{"rendered":"","protected":false},"author":2,"featured_media":11398,"comment_status":"open","ping_status":"open","sticky":false,"template":"","format":"standard","meta":{"footnotes":""},"categories":[1],"tags":[],"class_list":["post-11383","post","type-post","status-publish","format-standard","has-post-thumbnail","hentry","category-allgemein"],"yoast_head":"<!-- This site is optimized with the Yoast SEO plugin v23.4 - https:\/\/yoast.com\/wordpress\/plugins\/seo\/ -->\n<title>Christiani wird 90! | christiani.de<\/title>\n<meta name=\"description\" content=\"Vor 90 Jahren gr\u00fcndete Dr.-Ing. Paul Christiani die gleichnamige Firma. Vom ersten Fernlehrinstitut Deutschlands zum Komplettanbieter f\u00fcr technische Bildung.\" \/>\n<meta name=\"robots\" content=\"index, follow, max-snippet:-1, max-image-preview:large, max-video-preview:-1\" \/>\n<link rel=\"canonical\" href=\"https:\/\/www.christiani.de\/cms\/christiani-wird-90\/\" \/>\n<meta property=\"og:locale\" content=\"de_DE\" \/>\n<meta property=\"og:type\" content=\"article\" \/>\n<meta property=\"og:title\" content=\"Christiani wird 90! | christiani.de\" \/>\n<meta property=\"og:description\" content=\"Vor 90 Jahren gr\u00fcndete Dr.-Ing. Paul Christiani die gleichnamige Firma. Vom ersten Fernlehrinstitut Deutschlands zum Komplettanbieter f\u00fcr technische Bildung.\" \/>\n<meta property=\"og:url\" content=\"https:\/\/www.christiani.de\/cms\/christiani-wird-90\/\" \/>\n<meta property=\"og:site_name\" content=\"Lehr- und Pr\u00fcfungsmaterial f\u00fcr Schule &amp; Ausbildung | Christiani.de\" \/>\n<meta property=\"article:published_time\" content=\"2021-04-15T11:53:05+00:00\" \/>\n<meta property=\"article:modified_time\" content=\"2024-05-22T05:48:01+00:00\" \/>\n<meta property=\"og:image\" content=\"https:\/\/www.christiani.de\/cms\/wp-content\/uploads\/2021\/04\/1.-Zeitstrahl.png\" \/>\n\t<meta property=\"og:image:width\" content=\"1200\" \/>\n\t<meta property=\"og:image:height\" content=\"630\" \/>\n\t<meta property=\"og:image:type\" content=\"image\/png\" \/>\n<meta name=\"author\" content=\"Volker Fietz\" \/>\n<meta name=\"twitter:card\" content=\"summary_large_image\" \/>\n<meta name=\"twitter:label1\" content=\"Verfasst von\" \/>\n\t<meta name=\"twitter:data1\" content=\"Volker Fietz\" \/>\n\t<meta name=\"twitter:label2\" content=\"Gesch\u00e4tzte Lesezeit\" \/>\n\t<meta name=\"twitter:data2\" content=\"3 Minuten\" \/>\n<script type=\"application\/ld+json\" class=\"yoast-schema-graph\">{\"@context\":\"https:\/\/schema.org\",\"@graph\":[{\"@type\":\"WebPage\",\"@id\":\"https:\/\/www.christiani.de\/cms\/christiani-wird-90\/\",\"url\":\"https:\/\/www.christiani.de\/cms\/christiani-wird-90\/\",\"name\":\"Christiani wird 90! | christiani.de\",\"isPartOf\":{\"@id\":\"https:\/\/www.christiani.de\/cms\/#website\"},\"primaryImageOfPage\":{\"@id\":\"https:\/\/www.christiani.de\/cms\/christiani-wird-90\/#primaryimage\"},\"image\":{\"@id\":\"https:\/\/www.christiani.de\/cms\/christiani-wird-90\/#primaryimage\"},\"thumbnailUrl\":\"https:\/\/www.christiani.de\/cms\/wp-content\/uploads\/2021\/04\/1.-Zeitstrahl.png\",\"datePublished\":\"2021-04-15T11:53:05+00:00\",\"dateModified\":\"2024-05-22T05:48:01+00:00\",\"author\":{\"@id\":\"https:\/\/www.christiani.de\/cms\/#\/schema\/person\/5f36f61a17072c4292963fd793187a84\"},\"description\":\"Vor 90 Jahren gr\u00fcndete Dr.-Ing. Paul Christiani die gleichnamige Firma. Vom ersten Fernlehrinstitut Deutschlands zum Komplettanbieter f\u00fcr technische Bildung.\",\"breadcrumb\":{\"@id\":\"https:\/\/www.christiani.de\/cms\/christiani-wird-90\/#breadcrumb\"},\"inLanguage\":\"de-DE\",\"potentialAction\":[{\"@type\":\"ReadAction\",\"target\":[\"https:\/\/www.christiani.de\/cms\/christiani-wird-90\/\"]}]},{\"@type\":\"ImageObject\",\"inLanguage\":\"de-DE\",\"@id\":\"https:\/\/www.christiani.de\/cms\/christiani-wird-90\/#primaryimage\",\"url\":\"https:\/\/www.christiani.de\/cms\/wp-content\/uploads\/2021\/04\/1.-Zeitstrahl.png\",\"contentUrl\":\"https:\/\/www.christiani.de\/cms\/wp-content\/uploads\/2021\/04\/1.-Zeitstrahl.png\",\"width\":1200,\"height\":630},{\"@type\":\"BreadcrumbList\",\"@id\":\"https:\/\/www.christiani.de\/cms\/christiani-wird-90\/#breadcrumb\",\"itemListElement\":[{\"@type\":\"ListItem\",\"position\":1,\"name\":\"christiani.de\",\"item\":\"https:\/\/www.christiani.de\"},{\"@type\":\"ListItem\",\"position\":2,\"name\":\"Bildungsaward 2025\/26\"}]},{\"@type\":\"WebSite\",\"@id\":\"https:\/\/www.christiani.de\/cms\/#website\",\"url\":\"https:\/\/www.christiani.de\/cms\/\",\"name\":\"Lehr- und Pr\u00fcfungsmaterial f\u00fcr Schule &amp; Ausbildung | Christiani.de\",\"description\":\"Christiani.de\",\"potentialAction\":[{\"@type\":\"SearchAction\",\"target\":{\"@type\":\"EntryPoint\",\"urlTemplate\":\"https:\/\/www.christiani.de\/cms\/?s={search_term_string}\"},\"query-input\":{\"@type\":\"PropertyValueSpecification\",\"valueRequired\":true,\"valueName\":\"search_term_string\"}}],\"inLanguage\":\"de-DE\"},{\"@type\":\"Person\",\"@id\":\"https:\/\/www.christiani.de\/cms\/#\/schema\/person\/5f36f61a17072c4292963fd793187a84\",\"name\":\"Volker Fietz\",\"image\":{\"@type\":\"ImageObject\",\"inLanguage\":\"de-DE\",\"@id\":\"https:\/\/www.christiani.de\/cms\/#\/schema\/person\/image\/\",\"url\":\"https:\/\/secure.gravatar.com\/avatar\/745be4b4c69945c6f8ae2330e62f26fa?s=96&d=mm&r=g\",\"contentUrl\":\"https:\/\/secure.gravatar.com\/avatar\/745be4b4c69945c6f8ae2330e62f26fa?s=96&d=mm&r=g\",\"caption\":\"Volker Fietz\"},\"description\":\"Volker Fietz macht Presse- und \u00d6ffentlichkeitsarbeit bei Dr.-Ing Paul Christiani GmbH &amp; Co. KG\"}]}<\/script>\n<!-- \/ Yoast SEO plugin. -->","yoast_head_json":{"title":"Christiani wird 90! | christiani.de","description":"Vor 90 Jahren gr\u00fcndete Dr.-Ing. Paul Christiani die gleichnamige Firma. Vom ersten Fernlehrinstitut Deutschlands zum Komplettanbieter f\u00fcr technische Bildung.","robots":{"index":"index","follow":"follow","max-snippet":"max-snippet:-1","max-image-preview":"max-image-preview:large","max-video-preview":"max-video-preview:-1"},"canonical":"https:\/\/www.christiani.de\/cms\/christiani-wird-90\/","og_locale":"de_DE","og_type":"article","og_title":"Christiani wird 90! | christiani.de","og_description":"Vor 90 Jahren gr\u00fcndete Dr.-Ing. Paul Christiani die gleichnamige Firma. Vom ersten Fernlehrinstitut Deutschlands zum Komplettanbieter f\u00fcr technische Bildung.","og_url":"https:\/\/www.christiani.de\/cms\/christiani-wird-90\/","og_site_name":"Lehr- und Pr\u00fcfungsmaterial f\u00fcr Schule &amp; Ausbildung | Christiani.de","article_published_time":"2021-04-15T11:53:05+00:00","article_modified_time":"2024-05-22T05:48:01+00:00","og_image":[{"width":1200,"height":630,"url":"https:\/\/www.christiani.de\/cms\/wp-content\/uploads\/2021\/04\/1.-Zeitstrahl.png","type":"image\/png"}],"author":"Volker Fietz","twitter_card":"summary_large_image","twitter_misc":{"Verfasst von":"Volker Fietz","Gesch\u00e4tzte Lesezeit":"3 Minuten"},"schema":{"@context":"https:\/\/schema.org","@graph":[{"@type":"WebPage","@id":"https:\/\/www.christiani.de\/cms\/christiani-wird-90\/","url":"https:\/\/www.christiani.de\/cms\/christiani-wird-90\/","name":"Christiani wird 90! | christiani.de","isPartOf":{"@id":"https:\/\/www.christiani.de\/cms\/#website"},"primaryImageOfPage":{"@id":"https:\/\/www.christiani.de\/cms\/christiani-wird-90\/#primaryimage"},"image":{"@id":"https:\/\/www.christiani.de\/cms\/christiani-wird-90\/#primaryimage"},"thumbnailUrl":"https:\/\/www.christiani.de\/cms\/wp-content\/uploads\/2021\/04\/1.-Zeitstrahl.png","datePublished":"2021-04-15T11:53:05+00:00","dateModified":"2024-05-22T05:48:01+00:00","author":{"@id":"https:\/\/www.christiani.de\/cms\/#\/schema\/person\/5f36f61a17072c4292963fd793187a84"},"description":"Vor 90 Jahren gr\u00fcndete Dr.-Ing. Paul Christiani die gleichnamige Firma. Vom ersten Fernlehrinstitut Deutschlands zum Komplettanbieter f\u00fcr technische Bildung.","breadcrumb":{"@id":"https:\/\/www.christiani.de\/cms\/christiani-wird-90\/#breadcrumb"},"inLanguage":"de-DE","potentialAction":[{"@type":"ReadAction","target":["https:\/\/www.christiani.de\/cms\/christiani-wird-90\/"]}]},{"@type":"ImageObject","inLanguage":"de-DE","@id":"https:\/\/www.christiani.de\/cms\/christiani-wird-90\/#primaryimage","url":"https:\/\/www.christiani.de\/cms\/wp-content\/uploads\/2021\/04\/1.-Zeitstrahl.png","contentUrl":"https:\/\/www.christiani.de\/cms\/wp-content\/uploads\/2021\/04\/1.-Zeitstrahl.png","width":1200,"height":630},{"@type":"BreadcrumbList","@id":"https:\/\/www.christiani.de\/cms\/christiani-wird-90\/#breadcrumb","itemListElement":[{"@type":"ListItem","position":1,"name":"christiani.de","item":"https:\/\/www.christiani.de"},{"@type":"ListItem","position":2,"name":"Bildungsaward 2025\/26"}]},{"@type":"WebSite","@id":"https:\/\/www.christiani.de\/cms\/#website","url":"https:\/\/www.christiani.de\/cms\/","name":"Lehr- und Pr\u00fcfungsmaterial f\u00fcr Schule &amp; Ausbildung | Christiani.de","description":"Christiani.de","potentialAction":[{"@type":"SearchAction","target":{"@type":"EntryPoint","urlTemplate":"https:\/\/www.christiani.de\/cms\/?s={search_term_string}"},"query-input":{"@type":"PropertyValueSpecification","valueRequired":true,"valueName":"search_term_string"}}],"inLanguage":"de-DE"},{"@type":"Person","@id":"https:\/\/www.christiani.de\/cms\/#\/schema\/person\/5f36f61a17072c4292963fd793187a84","name":"Volker Fietz","image":{"@type":"ImageObject","inLanguage":"de-DE","@id":"https:\/\/www.christiani.de\/cms\/#\/schema\/person\/image\/","url":"https:\/\/secure.gravatar.com\/avatar\/745be4b4c69945c6f8ae2330e62f26fa?s=96&d=mm&r=g","contentUrl":"https:\/\/secure.gravatar.com\/avatar\/745be4b4c69945c6f8ae2330e62f26fa?s=96&d=mm&r=g","caption":"Volker Fietz"},"description":"Volker Fietz macht Presse- und \u00d6ffentlichkeitsarbeit bei Dr.-Ing Paul Christiani GmbH &amp; Co. KG"}]}},"_links":{"self":[{"href":"https:\/\/www.christiani.de\/cms\/wp-json\/wp\/v2\/posts\/11383"}],"collection":[{"href":"https:\/\/www.christiani.de\/cms\/wp-json\/wp\/v2\/posts"}],"about":[{"href":"https:\/\/www.christiani.de\/cms\/wp-json\/wp\/v2\/types\/post"}],"author":[{"embeddable":true,"href":"https:\/\/www.christiani.de\/cms\/wp-json\/wp\/v2\/users\/2"}],"replies":[{"embeddable":true,"href":"https:\/\/www.christiani.de\/cms\/wp-json\/wp\/v2\/comments?post=11383"}],"version-history":[{"count":16,"href":"https:\/\/www.christiani.de\/cms\/wp-json\/wp\/v2\/posts\/11383\/revisions"}],"predecessor-version":[{"id":33348,"href":"https:\/\/www.christiani.de\/cms\/wp-json\/wp\/v2\/posts\/11383\/revisions\/33348"}],"wp:featuredmedia":[{"embeddable":true,"href":"https:\/\/www.christiani.de\/cms\/wp-json\/wp\/v2\/media\/11398"}],"wp:attachment":[{"href":"https:\/\/www.christiani.de\/cms\/wp-json\/wp\/v2\/media?parent=11383"}],"wp:term":[{"taxonomy":"category","embeddable":true,"href":"https:\/\/www.christiani.de\/cms\/wp-json\/wp\/v2\/categories?post=11383"},{"taxonomy":"post_tag","embeddable":true,"href":"https:\/\/www.christiani.de\/cms\/wp-json\/wp\/v2\/tags?post=11383"}],"curies":[{"name":"wp","href":"https:\/\/api.w.org\/{rel}","templated":true}]}}